{"@context":"https:\/\/schema.org\/","@type":"CollectionPage","@id":"https:\/\/www.konjunktura.cz\/vyrobky\/#CollectionPage","headline":"V\u00fdrobky Category","description":"","url":"https:\/\/www.konjunktura.cz\/vyrobky\/","hasPart":[{"@type":"Article","@id":"https:\/\/www.konjunktura.cz\/jak-na-vyber-sportu-pro-vasi-malou-ratolest\/","headline":"Jak na v\u00fdb\u011br sportu pro va\u0161i malou ratolest","url":"https:\/\/www.konjunktura.cz\/jak-na-vyber-sportu-pro-vasi-malou-ratolest\/","datePublished":"2023-04-11","dateModified":"2023-04-11","mainEntityOfPage":"https:\/\/www.konjunktura.cz\/jak-na-vyber-sportu-pro-vasi-malou-ratolest\/","author":{"@type":"Person","@id":"https:\/\/www.konjunktura.cz\/author\/#Person","name":"","url":"https:\/\/www.konjunktura.cz\/author\/","identifier":1,"image":{"@type":"ImageObject","@id":"https:\/\/secure.gravatar.com\/avatar\/831abbcc684823965c5caa39ae4561083127c8aedfe9e524c6cecc176998c733?s=96&d=mm&r=g","url":"https:\/\/secure.gravatar.com\/avatar\/831abbcc684823965c5caa39ae4561083127c8aedfe9e524c6cecc176998c733?s=96&d=mm&r=g","height":96,"width":96}},"publisher":{"@type":"Organization","name":"konjunktura.cz","logo":{"@type":"ImageObject","@id":"\/logo.png","url":"\/logo.png","width":600,"height":60}},"image":{"@type":"ImageObject","@id":"https:\/\/www.konjunktura.cz\/wp-content\/uploads\/girls-1284419__480_4.jpg","url":"https:\/\/www.konjunktura.cz\/wp-content\/uploads\/girls-1284419__480_4.jpg","height":0,"width":0},"keywords":null},{"@type":"Article","@id":"https:\/\/www.konjunktura.cz\/proc-uzivat-macu-peruanskou\/","headline":"Pro\u010d u\u017e\u00edvat Macu peru\u00e1nskou","url":"https:\/\/www.konjunktura.cz\/proc-uzivat-macu-peruanskou\/","datePublished":"2022-10-11","dateModified":"2023-06-22","mainEntityOfPage":"https:\/\/www.konjunktura.cz\/proc-uzivat-macu-peruanskou\/","author":{"@type":"Person","@id":"https:\/\/www.konjunktura.cz\/author\/#Person","name":"","url":"https:\/\/www.konjunktura.cz\/author\/","identifier":1,"image":{"@type":"ImageObject","@id":"https:\/\/secure.gravatar.com\/avatar\/831abbcc684823965c5caa39ae4561083127c8aedfe9e524c6cecc176998c733?s=96&d=mm&r=g","url":"https:\/\/secure.gravatar.com\/avatar\/831abbcc684823965c5caa39ae4561083127c8aedfe9e524c6cecc176998c733?s=96&d=mm&r=g","height":96,"width":96}},"publisher":{"@type":"Organization","name":"konjunktura.cz","logo":{"@type":"ImageObject","@id":"\/logo.png","url":"\/logo.png","width":600,"height":60}},"image":{"@type":"ImageObject","@id":"https:\/\/www.konjunktura.cz\/wp-content\/uploads\/chinese-medicine-gb918a09f7_640.jpg","url":"https:\/\/www.konjunktura.cz\/wp-content\/uploads\/chinese-medicine-gb918a09f7_640.jpg","height":0,"width":0},"keywords":null},{"@type":"Article","@id":"https:\/\/www.konjunktura.cz\/proc-se-vam-nedari-zhubnout-a-jak-to-zmenit\/","headline":"Pro\u010d se v\u00e1m neda\u0159\u00ed zhubnout a jak to zm\u011bnit","url":"https:\/\/www.konjunktura.cz\/proc-se-vam-nedari-zhubnout-a-jak-to-zmenit\/","datePublished":"2022-05-27","dateModified":"2023-05-06","mainEntityOfPage":"https:\/\/www.konjunktura.cz\/proc-se-vam-nedari-zhubnout-a-jak-to-zmenit\/","author":{"@type":"Person","@id":"https:\/\/www.konjunktura.cz\/author\/#Person","name":"","url":"https:\/\/www.konjunktura.cz\/author\/","identifier":1,"image":{"@type":"ImageObject","@id":"https:\/\/secure.gravatar.com\/avatar\/831abbcc684823965c5caa39ae4561083127c8aedfe9e524c6cecc176998c733?s=96&d=mm&r=g","url":"https:\/\/secure.gravatar.com\/avatar\/831abbcc684823965c5caa39ae4561083127c8aedfe9e524c6cecc176998c733?s=96&d=mm&r=g","height":96,"width":96}},"publisher":{"@type":"Organization","name":"konjunktura.cz","logo":{"@type":"ImageObject","@id":"\/logo.png","url":"\/logo.png","width":600,"height":60}},"image":{"@type":"ImageObject","@id":"https:\/\/www.konjunktura.cz\/wp-content\/uploads\/hubnut%C3%AD%20(7)_2.jpg","url":"https:\/\/www.konjunktura.cz\/wp-content\/uploads\/hubnut%C3%AD%20(7)_2.jpg","height":0,"width":0},"keywords":null},{"@type":"Article","@id":"https:\/\/www.konjunktura.cz\/stehovani\/","headline":"St\u011bhov\u00e1n\u00ed","url":"https:\/\/www.konjunktura.cz\/stehovani\/","datePublished":"2021-11-27","dateModified":"2023-05-06","mainEntityOfPage":"https:\/\/www.konjunktura.cz\/stehovani\/","author":{"@type":"Person","@id":"https:\/\/www.konjunktura.cz\/author\/#Person","name":"","url":"https:\/\/www.konjunktura.cz\/author\/","identifier":1,"image":{"@type":"ImageObject","@id":"https:\/\/secure.gravatar.com\/avatar\/831abbcc684823965c5caa39ae4561083127c8aedfe9e524c6cecc176998c733?s=96&d=mm&r=g","url":"https:\/\/secure.gravatar.com\/avatar\/831abbcc684823965c5caa39ae4561083127c8aedfe9e524c6cecc176998c733?s=96&d=mm&r=g","height":96,"width":96}},"publisher":{"@type":"Organization","name":"konjunktura.cz","logo":{"@type":"ImageObject","@id":"\/logo.png","url":"\/logo.png","width":600,"height":60}},"image":{"@type":"ImageObject","@id":"https:\/\/www.konjunktura.cz\/wp-content\/uploads\/auto2_10_9.jpg","url":"https:\/\/www.konjunktura.cz\/wp-content\/uploads\/auto2_10_9.jpg","height":0,"width":0},"keywords":null},{"@type":"Article","@id":"https:\/\/www.konjunktura.cz\/co-by-melo-splnovat-moderni-schodiste\/","headline":"Co by m\u011blo spl\u0148ovat modern\u00ed schodi\u0161t\u011b","url":"https:\/\/www.konjunktura.cz\/co-by-melo-splnovat-moderni-schodiste\/","datePublished":"2021-11-14","dateModified":"2023-05-06","mainEntityOfPage":"https:\/\/www.konjunktura.cz\/co-by-melo-splnovat-moderni-schodiste\/","author":{"@type":"Person","@id":"https:\/\/www.konjunktura.cz\/author\/#Person","name":"","url":"https:\/\/www.konjunktura.cz\/author\/","identifier":1,"image":{"@type":"ImageObject","@id":"https:\/\/secure.gravatar.com\/avatar\/831abbcc684823965c5caa39ae4561083127c8aedfe9e524c6cecc176998c733?s=96&d=mm&r=g","url":"https:\/\/secure.gravatar.com\/avatar\/831abbcc684823965c5caa39ae4561083127c8aedfe9e524c6cecc176998c733?s=96&d=mm&r=g","height":96,"width":96}},"publisher":{"@type":"Organization","name":"konjunktura.cz","logo":{"@type":"ImageObject","@id":"\/logo.png","url":"\/logo.png","width":600,"height":60}},"image":{"@type":"ImageObject","@id":"https:\/\/www.konjunktura.cz\/wp-content\/uploads\/spiral-3112405_640_2.jpg","url":"https:\/\/www.konjunktura.cz\/wp-content\/uploads\/spiral-3112405_640_2.jpg","height":0,"width":0},"keywords":null},{"@type":"Article","@id":"https:\/\/www.konjunktura.cz\/madarska-paprika-je-narodnim-symbolem\/","headline":"Ma\u010farsk\u00e1 paprika je n\u00e1rodn\u00edm symbolem","url":"https:\/\/www.konjunktura.cz\/madarska-paprika-je-narodnim-symbolem\/","datePublished":"2021-10-18","dateModified":"2023-10-10","mainEntityOfPage":"https:\/\/www.konjunktura.cz\/madarska-paprika-je-narodnim-symbolem\/","author":{"@type":"Person","@id":"https:\/\/www.konjunktura.cz\/author\/#Person","name":"","url":"https:\/\/www.konjunktura.cz\/author\/","identifier":1,"image":{"@type":"ImageObject","@id":"https:\/\/secure.gravatar.com\/avatar\/831abbcc684823965c5caa39ae4561083127c8aedfe9e524c6cecc176998c733?s=96&d=mm&r=g","url":"https:\/\/secure.gravatar.com\/avatar\/831abbcc684823965c5caa39ae4561083127c8aedfe9e524c6cecc176998c733?s=96&d=mm&r=g","height":96,"width":96}},"publisher":{"@type":"Organization","name":"konjunktura.cz","logo":{"@type":"ImageObject","@id":"\/logo.png","url":"\/logo.png","width":600,"height":60}},"image":{"@type":"ImageObject","@id":"https:\/\/www.konjunktura.cz\/wp-content\/uploads\/sunrise-g1d27a53da_640.jpg","url":"https:\/\/www.konjunktura.cz\/wp-content\/uploads\/sunrise-g1d27a53da_640.jpg","height":0,"width":0},"keywords":null},{"@type":"Article","@id":"https:\/\/www.konjunktura.cz\/je-treba-vedet-kolik-dostaneme\/","headline":"Je t\u0159eba v\u011bd\u011bt, kolik dostaneme","url":"https:\/\/www.konjunktura.cz\/je-treba-vedet-kolik-dostaneme\/","datePublished":"2021-10-18","dateModified":"2023-05-06","mainEntityOfPage":"https:\/\/www.konjunktura.cz\/je-treba-vedet-kolik-dostaneme\/","author":{"@type":"Person","@id":"https:\/\/www.konjunktura.cz\/author\/#Person","name":"","url":"https:\/\/www.konjunktura.cz\/author\/","identifier":1,"image":{"@type":"ImageObject","@id":"https:\/\/secure.gravatar.com\/avatar\/831abbcc684823965c5caa39ae4561083127c8aedfe9e524c6cecc176998c733?s=96&d=mm&r=g","url":"https:\/\/secure.gravatar.com\/avatar\/831abbcc684823965c5caa39ae4561083127c8aedfe9e524c6cecc176998c733?s=96&d=mm&r=g","height":96,"width":96}},"publisher":{"@type":"Organization","name":"konjunktura.cz","logo":{"@type":"ImageObject","@id":"\/logo.png","url":"\/logo.png","width":600,"height":60}},"image":{"@type":"ImageObject","@id":"https:\/\/www.konjunktura.cz\/wp-content\/uploads\/pytel%20dolar%C5%AF_1.jpg","url":"https:\/\/www.konjunktura.cz\/wp-content\/uploads\/pytel%20dolar%C5%AF_1.jpg","height":0,"width":0},"keywords":null},{"@type":"Article","@id":"https:\/\/www.konjunktura.cz\/proc-dat-prednost-masivnimu-drevu-u-konferencnich-stolku\/","headline":"Pro\u010d d\u00e1t p\u0159ednost masivn\u00edmu d\u0159evu u konferen\u010dn\u00edch stolk\u016f","url":"https:\/\/www.konjunktura.cz\/proc-dat-prednost-masivnimu-drevu-u-konferencnich-stolku\/","datePublished":"2021-10-10","dateModified":"2023-05-06","mainEntityOfPage":"https:\/\/www.konjunktura.cz\/proc-dat-prednost-masivnimu-drevu-u-konferencnich-stolku\/","author":{"@type":"Person","@id":"https:\/\/www.konjunktura.cz\/author\/#Person","name":"","url":"https:\/\/www.konjunktura.cz\/author\/","identifier":1,"image":{"@type":"ImageObject","@id":"https:\/\/secure.gravatar.com\/avatar\/831abbcc684823965c5caa39ae4561083127c8aedfe9e524c6cecc176998c733?s=96&d=mm&r=g","url":"https:\/\/secure.gravatar.com\/avatar\/831abbcc684823965c5caa39ae4561083127c8aedfe9e524c6cecc176998c733?s=96&d=mm&r=g","height":96,"width":96}},"publisher":{"@type":"Organization","name":"konjunktura.cz","logo":{"@type":"ImageObject","@id":"\/logo.png","url":"\/logo.png","width":600,"height":60}},"image":{"@type":"ImageObject","@id":"https:\/\/www.konjunktura.cz\/wp-content\/uploads\/furniture-2603068_640.jpg","url":"https:\/\/www.konjunktura.cz\/wp-content\/uploads\/furniture-2603068_640.jpg","height":0,"width":0},"keywords":null},{"@type":"Article","@id":"https:\/\/www.konjunktura.cz\/kdy-nam-prislusi-nahrada-skody-po-dopravni-nehode\/","headline":"Kdy n\u00e1m p\u0159\u00edslu\u0161\u00ed n\u00e1hrada \u0161kody po dopravn\u00ed nehod\u011b","url":"https:\/\/www.konjunktura.cz\/kdy-nam-prislusi-nahrada-skody-po-dopravni-nehode\/","datePublished":"2021-10-03","dateModified":"2023-09-18","mainEntityOfPage":"https:\/\/www.konjunktura.cz\/kdy-nam-prislusi-nahrada-skody-po-dopravni-nehode\/","author":{"@type":"Person","@id":"https:\/\/www.konjunktura.cz\/author\/#Person","name":"","url":"https:\/\/www.konjunktura.cz\/author\/","identifier":1,"image":{"@type":"ImageObject","@id":"https:\/\/secure.gravatar.com\/avatar\/831abbcc684823965c5caa39ae4561083127c8aedfe9e524c6cecc176998c733?s=96&d=mm&r=g","url":"https:\/\/secure.gravatar.com\/avatar\/831abbcc684823965c5caa39ae4561083127c8aedfe9e524c6cecc176998c733?s=96&d=mm&r=g","height":96,"width":96}},"publisher":{"@type":"Organization","name":"konjunktura.cz","logo":{"@type":"ImageObject","@id":"\/logo.png","url":"\/logo.png","width":600,"height":60}},"image":{"@type":"ImageObject","@id":"https:\/\/www.konjunktura.cz\/wp-content\/uploads\/doprnehoda3.jpg","url":"https:\/\/www.konjunktura.cz\/wp-content\/uploads\/doprnehoda3.jpg","height":0,"width":0},"keywords":null},{"@type":"Article","@id":"https:\/\/www.konjunktura.cz\/spravna-forma-zastreseni\/","headline":"Spr\u00e1vn\u00e1 forma zast\u0159e\u0161en\u00ed","url":"https:\/\/www.konjunktura.cz\/spravna-forma-zastreseni\/","datePublished":"2021-06-16","dateModified":"2023-12-08","mainEntityOfPage":"https:\/\/www.konjunktura.cz\/spravna-forma-zastreseni\/","author":{"@type":"Person","@id":"https:\/\/www.konjunktura.cz\/author\/#Person","name":"","url":"https:\/\/www.konjunktura.cz\/author\/","identifier":1,"image":{"@type":"ImageObject","@id":"https:\/\/secure.gravatar.com\/avatar\/831abbcc684823965c5caa39ae4561083127c8aedfe9e524c6cecc176998c733?s=96&d=mm&r=g","url":"https:\/\/secure.gravatar.com\/avatar\/831abbcc684823965c5caa39ae4561083127c8aedfe9e524c6cecc176998c733?s=96&d=mm&r=g","height":96,"width":96}},"publisher":{"@type":"Organization","name":"konjunktura.cz","logo":{"@type":"ImageObject","@id":"\/logo.png","url":"\/logo.png","width":600,"height":60}},"image":{"@type":"ImageObject","@id":"https:\/\/www.konjunktura.cz\/wp-content\/uploads\/D%C5%99ev%C4%9Bn%C3%A1%20pergola_5.jpg","url":"https:\/\/www.konjunktura.cz\/wp-content\/uploads\/D%C5%99ev%C4%9Bn%C3%A1%20pergola_5.jpg","height":0,"width":0},"keywords":null}]}