[{"@context":"https:\/\/schema.org\/","@type":"Article","@id":"https:\/\/www.konjunktura.cz\/vjezd-do-garaze\/#Article","mainEntityOfPage":"https:\/\/www.konjunktura.cz\/vjezd-do-garaze\/","headline":"Vjezd do gar\u00e1\u017ee","name":"Vjezd do gar\u00e1\u017ee","description":"Inu, je to takov\u00e1 slo\u017eit\u00e1 a zamotan\u00e1 situace. Kdyby m\u011blo b\u00fdt tolik gar\u00e1\u017e\u00ed co automobil\u016f, byla by to jist\u011b velmi zaj\u00edmav\u00e1 situace. Mo\u017en\u00e1 by st\u00e1lo&hellip;","datePublished":"2025-06-05","dateModified":"2025-06-05","author":{"@type":"Person","@id":"https:\/\/www.konjunktura.cz\/author\/#Person","name":"","url":"https:\/\/www.konjunktura.cz\/author\/","identifier":1,"image":{"@type":"ImageObject","@id":"https:\/\/secure.gravatar.com\/avatar\/831abbcc684823965c5caa39ae4561083127c8aedfe9e524c6cecc176998c733?s=96&d=mm&r=g","url":"https:\/\/secure.gravatar.com\/avatar\/831abbcc684823965c5caa39ae4561083127c8aedfe9e524c6cecc176998c733?s=96&d=mm&r=g","height":96,"width":96}},"publisher":{"@type":"Organization","name":"konjunktura.cz","logo":{"@type":"ImageObject","@id":"\/logo.png","url":"\/logo.png","width":600,"height":60}},"image":{"@type":"ImageObject","@id":"https:\/\/www.konjunktura.cz\/wp-content\/uploads\/garage-355358_640_4.jpg","url":"https:\/\/www.konjunktura.cz\/wp-content\/uploads\/garage-355358_640_4.jpg","height":0,"width":0},"url":"https:\/\/www.konjunktura.cz\/vjezd-do-garaze\/","about":["V\u00fdrobky"],"wordCount":414,"articleBody":"      Inu, je to takov\u00e1 slo\u017eit\u00e1 a zamotan\u00e1 situace. Kdyby m\u011blo b\u00fdt tolik gar\u00e1\u017e\u00ed co automobil\u016f, byla by to jist\u011b velmi zaj\u00edmav\u00e1 situace. Mo\u017en\u00e1 by st\u00e1lo za to vypo\u010d\u00edtat, zda by je\u0161t\u011b zbylo m\u00edsto na bydlen\u00ed pro jejich majitele. Je jasn\u00e9, \u017ee asi nezbylo. Jen\u017ee \u010dlov\u011bk za l\u00e9ta v\u00fdvoje po\u0159\u00e1dn\u011b zpohodln\u011bl, a proto ho nic ostatn\u00edho m\u016f\u017ee jen t\u011b\u017eko zaj\u00edmat. Ale to je drob\u00e1tko od t\u00e9matu. My se pod\u00edv\u00e1me p\u0159\u00edmo na ty gar\u00e1\u017ee. Jist\u011b jste v \u017eivot\u011b n\u011bjakou vid\u011bli, pokud ji p\u0159\u00edmo nevlastn\u00edte. Za d\u00e1vn\u00fdch \u010das\u016f, kdy je\u0161t\u011b lid\u00e9 um\u011bli chodit musel \u0159idi\u010d auta vyl\u00e9zt z vozu, otev\u0159\u00edt si vrata a vjet autem dovnit\u0159. Ta vrata musel potom zase hezky rukama zav\u0159\u00edt. To dnes odpad\u00e1, proto\u017ee vrata se otev\u00edraj\u00ed i zav\u00edraj\u00ed samy. V\u011bt\u0161inou je to \u0159\u00edzeno mini po\u010d\u00edta\u010dem, kter\u00fd um\u00ed zaregistrovat opr\u00e1vn\u011bn\u00e9 auto a tomu dve\u0159e otev\u0159e. Jin\u00e9mu automobilu nikoli. Tato vrata se mohou otev\u00edrat a zav\u00edrat n\u011bkolika zp\u016fsoby. Bu\u010fto b\u011b\u017en\u011b, tedy jako k\u0159\u00eddla, nebo se mohou posunovat do boku, a to jak vevnit\u0159, tak venku. Ob\u010das v\u0161ak lze tak\u00e9 vid\u011bt v\u00fdklopn\u00e1 gar\u00e1\u017eov\u00e1 vrata, kter\u00e1 jsou co do obliby asi na prvn\u00edm m\u00edst\u011b. Tato se prod\u00e1vaj\u00ed pom\u011brn\u011b hodn\u011b a lid\u00ed jsou s nimi spokojeni. Na fotk\u00e1ch u p\u0159\u00edmo u tohoto \u010dl\u00e1nku je nehledejte. Fotky zde jsou \u010dist\u011b ilustrativn\u00ed a zn\u00e1zor\u0148uj\u00ed naprosto oby\u010dejn\u00e1 gar\u00e1\u017eov\u00e1 vrata. Nav\u00edc jsou oboje d\u0159ev\u011bn\u00e9, tak\u017ee t\u00edm i n\u00e1chyln\u00e9 ke klasick\u00fdm nemocem d\u0159eva. Zde jsou fotografie jen proto, aby byly jako odstra\u0161uj\u00edc\u00ed p\u0159\u00edklad a jako takov\u00e1 by se m\u011bla oboje ihned vym\u011bnit. \u017de by lid\u00e9 pak nem\u011bli kudy proch\u00e1zet? Ale m\u011bli, jsou p\u0159ece i v\u00fdklopn\u00e1 gar\u00e1\u017eov\u00e1 vrata s dve\u0159mi. Jen je sta\u010d\u00ed koupit a namontovat. Pokud si na mont\u00e1\u017e netrouf\u00e1te sami a ono se to ani nijak moc nedoporu\u010duje, tak si klikn\u011bte na odkaz o kousek v\u00fd\u0161e. Dostanete se na web, kde si m\u016f\u017eete vrata objednat ale tak\u00e9 si domluvit jejich p\u0159\u00edpadnou mont\u00e1\u017e. Uvid\u00edte, \u017ee se domluv\u00edte a \u017ee budete spokojeni.                                                                                                                                                                                                                                                                                                                                                                                           4.3\/5 - (6 votes)        "},{"@context":"https:\/\/schema.org\/","@type":"BreadcrumbList","itemListElement":[{"@type":"ListItem","position":1,"name":"Vjezd do gar\u00e1\u017ee","item":"https:\/\/www.konjunktura.cz\/vjezd-do-garaze\/#breadcrumbitem"}]}]