[{"@context":"https:\/\/schema.org\/","@type":"Article","@id":"https:\/\/www.konjunktura.cz\/proc-je-draz-a-draz\/#Article","mainEntityOfPage":"https:\/\/www.konjunktura.cz\/proc-je-draz-a-draz\/","headline":"Pro\u010d je dr\u00e1\u017e a dr\u00e1\u017e?","name":"Pro\u010d je dr\u00e1\u017e a dr\u00e1\u017e?","description":"Kdy\u017e se kdysi stav\u011bl Temel\u00edn, tvrdilo se n\u00e1m Jiho\u010dech\u016fm, \u017ee budeme m\u00edt v\u00fdm\u011bnou za akceptov\u00e1n\u00ed tohoto monstra levn\u011bj\u0161\u00ed elekt\u0159inu. Pak se tato atomov\u00e1 elektr\u00e1rna dostav\u011bla&hellip;","datePublished":"2019-01-16","dateModified":"2023-05-06","author":{"@type":"Person","@id":"https:\/\/www.konjunktura.cz\/author\/#Person","name":"","url":"https:\/\/www.konjunktura.cz\/author\/","identifier":1,"image":{"@type":"ImageObject","@id":"https:\/\/secure.gravatar.com\/avatar\/831abbcc684823965c5caa39ae4561083127c8aedfe9e524c6cecc176998c733?s=96&d=mm&r=g","url":"https:\/\/secure.gravatar.com\/avatar\/831abbcc684823965c5caa39ae4561083127c8aedfe9e524c6cecc176998c733?s=96&d=mm&r=g","height":96,"width":96}},"publisher":{"@type":"Organization","name":"konjunktura.cz","logo":{"@type":"ImageObject","@id":"\/logo.png","url":"\/logo.png","width":600,"height":60}},"image":{"@type":"ImageObject","@id":"https:\/\/www.konjunktura.cz\/wp-content\/uploads\/img_a339515_w2685_t1552742021.jpg","url":"https:\/\/www.konjunktura.cz\/wp-content\/uploads\/img_a339515_w2685_t1552742021.jpg","height":0,"width":0},"url":"https:\/\/www.konjunktura.cz\/proc-je-draz-a-draz\/","about":["Online"],"wordCount":502,"articleBody":"Kdy\u017e se kdysi stav\u011bl Temel\u00edn, tvrdilo se n\u00e1m Jiho\u010dech\u016fm, \u017ee budeme m\u00edt v\u00fdm\u011bnou za akceptov\u00e1n\u00ed tohoto monstra levn\u011bj\u0161\u00ed elekt\u0159inu. Pak se tato atomov\u00e1 elektr\u00e1rna dostav\u011bla a spustila a jist\u011b u\u017e tu\u0161\u00edte, jak to dopadlo.Spr\u00e1vn\u011b. Elekt\u0159ina n\u00e1m nezlevnila. Pr\u00e1v\u011b naopak \u2013 od doby, kdy u n\u00e1s zavl\u00e1dla viditeln\u00e1 neviditeln\u00e1 ruka trhu, je pr\u00e1v\u011b tady na jihu nejdra\u017e\u0161\u00ed nebo p\u0159inejmen\u0161\u00edm jedna z\u00a0nejdra\u017e\u0161\u00edch elekt\u0159in v\u00a0zemi. Prost\u011b pr\u00fd proto, \u017ee jsme tu my obyvatel\u00e9 \u0159\u00eddce roztrou\u0161eni a tud\u00ed\u017e je distribuce n\u00e1kladn\u011bj\u0161\u00ed.A m\u016f\u017eeme se tu ut\u011b\u0161ovat snad jedin\u011b t\u00edm, \u017ee elekt\u0159ina zdra\u017eovala a dodnes zdra\u017euje v\u0161em, nejenom n\u00e1m. Ov\u0161em jist\u011b tu\u0161\u00edte, \u017ee na tom v\u00a0podstat\u011b nic k\u00a0radosti nen\u00ed.Proto\u017ee \u010desk\u00e1 elekt\u0159ina zdra\u017euje nejrychleji od roku 2009 a v\u00a0lednu jej\u00ed cena vzrostla ve srovn\u00e1n\u00ed s\u00a0lednem lo\u0148sk\u00fdm o 9,3 procenta. Respektive do\u0161lo v\u00a0lednu ve srovn\u00e1n\u00ed s\u00a0p\u0159edchoz\u00edm m\u011bs\u00edcem ke zdra\u017een\u00ed o 7,4 procenta. A podobn\u00fd trend bychom pr\u00fd m\u011bli pozorovat i v\u00a0budoucnu.Ov\u0161em na\u0161im energetik\u016fm to pr\u00fd vy\u010d\u00edtat nem\u00e1me. Pr\u00fd za to m\u016f\u017ee na\u0161e velev\u00e1\u017een\u00e1 Evropsk\u00e1 unie, respektive na\u0161i n\u011bme\u010dt\u00ed soused\u00e9.Na evropsk\u00e9m trhu pr\u00fd toti\u017e elekt\u0159ina za posledn\u00ed rok podra\u017eila, v\u00a0N\u011bmecku zav\u00edraj\u00ed jadern\u00e9 elektr\u00e1rny, emisn\u00ed povolenky jsou drah\u00e9, stejn\u011b jako produkce energie z obnoviteln\u00fdch zdroj\u016f. A to zkr\u00e1tka mus\u00ed n\u011bkdo zaplatit.Tak je tomu v\u00a0sou\u010dasnosti. A v n\u00e1sleduj\u00edc\u00edch letech se m\u00e1 v\u00fdznamn\u011b prom\u011bnit energetick\u00fd trh v Evropsk\u00e9 unii, co\u017e povede z\u0159ejm\u011b k\u00a0dal\u0161\u00edmu zdra\u017eov\u00e1n\u00ed. Proto\u017ee N\u011bmecko uzav\u0159e do roku 2022 v\u0161echny sv\u00e9 jadern\u00e9 elektr\u00e1rny, vyr\u00e1b\u011bj\u00edc\u00ed zhruba t\u0159in\u00e1ct procent tamn\u00ed elekt\u0159iny, a tyto hodl\u00e1 postupn\u011b nahrazovat obnoviteln\u00fdmi zdroji, co\u017e je jednak drah\u00fd \u0161p\u00e1s a jednak je u nich zna\u010dn\u00e1 z\u00e1vislost na po\u010das\u00ed, tak\u017ee se bude muset investovat i do p\u0159enosov\u00e9 soustavy.A pak je\u0161t\u011b ty ceny emisn\u00edch povolenek! Ty jenom za posledn\u00ed rok podra\u017eily z 9,5 eura na 20,4 eur za tunu oxidu uhli\u010dit\u00e9ho, co\u017e \u010din\u00ed v\u00fdrobu proudu v\u00a0uheln\u00fdch elektr\u00e1rn\u00e1ch nerentabiln\u00ed. A kdy\u017e se k\u00a0tomu p\u0159ipo\u010dte, \u017ee do roku 2030 bude muset v r\u00e1mci Evropsk\u00e9 unie poch\u00e1zet dvaat\u0159icet procent elekt\u0159iny z obnoviteln\u00fdch zdroj\u016f, co\u017e i na\u0161i republiku p\u0159ijde na ohromn\u00e9 pen\u00edze, mus\u00ed se zdra\u017eovat.A ceny t\u00e9to energie se nakonec nezbytn\u011b prom\u00edtnou i do cen v\u00fdrobk\u016f a slu\u017eeb.Prost\u011b tu bude dr\u00e1\u017e a dr\u00e1\u017e. A m\u016f\u017eeme jenom doufat, \u017ee to nedosp\u011bje a\u017e do situace, kdy budeme \u0159e\u0161it dilema, zda sv\u00edtit nebo j\u00edst.                                                                                                                                                                                                                                                                                                                                                                                        4.3\/5 - (11 votes)        "},{"@context":"https:\/\/schema.org\/","@type":"BreadcrumbList","itemListElement":[{"@type":"ListItem","position":1,"name":"Pro\u010d je dr\u00e1\u017e a dr\u00e1\u017e?","item":"https:\/\/www.konjunktura.cz\/proc-je-draz-a-draz\/#breadcrumbitem"}]}]