[{"@context":"https:\/\/schema.org\/","@type":"Article","@id":"https:\/\/www.konjunktura.cz\/pediatr-na-miru\/#Article","mainEntityOfPage":"https:\/\/www.konjunktura.cz\/pediatr-na-miru\/","headline":"Pediatr na m\u00edru","name":"Pediatr na m\u00edru","description":"V\u011bd\u011bli jste, \u017ee je\u0161t\u011b p\u0159ed porodem Va\u0161eho potomka u\u017e mus\u00edte m\u00edt vybran\u00e9ho pediatra? V\u00a0porodnici budete muset uv\u00e9st, kter\u00fd l\u00e9ka\u0159 p\u0159evezme p\u00e9\u010di o Va\u0161i ratolest po&hellip;","datePublished":"2018-09-10","dateModified":"2023-05-06","author":{"@type":"Person","@id":"https:\/\/www.konjunktura.cz\/author\/#Person","name":"","url":"https:\/\/www.konjunktura.cz\/author\/","identifier":1,"image":{"@type":"ImageObject","@id":"https:\/\/secure.gravatar.com\/avatar\/831abbcc684823965c5caa39ae4561083127c8aedfe9e524c6cecc176998c733?s=96&d=mm&r=g","url":"https:\/\/secure.gravatar.com\/avatar\/831abbcc684823965c5caa39ae4561083127c8aedfe9e524c6cecc176998c733?s=96&d=mm&r=g","height":96,"width":96}},"publisher":{"@type":"Organization","name":"konjunktura.cz","logo":{"@type":"ImageObject","@id":"\/logo.png","url":"\/logo.png","width":600,"height":60}},"image":{"@type":"ImageObject","@id":"https:\/\/www.konjunktura.cz\/wp-content\/uploads\/img_a329420_w2685_t1541867481.jpg","url":"https:\/\/www.konjunktura.cz\/wp-content\/uploads\/img_a329420_w2685_t1541867481.jpg","height":0,"width":0},"url":"https:\/\/www.konjunktura.cz\/pediatr-na-miru\/","wordCount":519,"articleBody":"V\u011bd\u011bli jste, \u017ee je\u0161t\u011b p\u0159ed porodem Va\u0161eho potomka u\u017e mus\u00edte m\u00edt vybran\u00e9ho pediatra? V\u00a0porodnici budete muset uv\u00e9st, kter\u00fd l\u00e9ka\u0159 p\u0159evezme p\u00e9\u010di o Va\u0161i ratolest po opu\u0161t\u011bn\u00ed nemocni\u010dn\u00ed p\u00e9\u010de.V\u00a0n\u011bkter\u00fdch koutech republiky nebudete m\u00edt na v\u00fdb\u011br. Tedy pokud nebudete cht\u00edt doj\u00ed\u017ed\u011bt des\u00edtky kilometr\u016f do civilizace. Ot\u00e1zkou je kvalita p\u00e9\u010de a jestli by ono doj\u00ed\u017ed\u011bn\u00ed nest\u00e1lo za to.Jinde naraz\u00edte na probl\u00e9m, \u017ee vytou\u017een\u00fd pediatr je tak skv\u011bl\u00fd, \u017ee V\u00e1s nep\u0159ijme z\u00a0kapacitn\u00edch d\u016fvod\u016f.Pro\u010d nepodce\u0148ovat spr\u00e1vnou volbu?P\u0159edem nutno \u0159\u00edct, \u017ee ka\u017ed\u00fd l\u00e9ka\u0159 bude m\u00edt zajist\u00e9 pot\u0159ebn\u00e9 vzd\u011bl\u00e1n\u00ed. To ale automaticky neznamen\u00e1, \u017ee V\u00e1m pediatr lidov\u011b \u0159e\u010deno sedne. Ka\u017ed\u00fd m\u00e1me jin\u00e1 o\u010dek\u00e1v\u00e1n\u00ed a jin\u00e9 p\u0159edstavy o\u00a0p\u00e9\u010di na\u0161ich d\u011bt\u00ed.Jak \u010dasto se s\u00a0pediatrem uvid\u00edte?Dostate\u010dn\u011b na to, abyste si rozmysleli, komu se chcete se sv\u00fdm d\u00edt\u011btem sv\u011b\u0159it.U\u017e po propu\u0161t\u011bn\u00ed z\u00a0porodnice V\u00e1s do t\u0159\u00ed dn\u016f \u010dek\u00e1 prvn\u00ed kontrola. Pr\u00e1v\u011b prvn\u00ed m\u011bs\u00edce zav\u00edt\u00e1te do \u010dek\u00e1rny ordinace pom\u011brn\u011b \u010dasto. Ve dvou t\u00fddnech v\u011bku jste tam zp\u00e1tky. A znova se vyd\u00e1te k\u00a0pediatrovi v\u00a06 t\u00fddnech, 3 m\u011bs\u00edc\u00edch, 4 m\u011bs\u00edc\u00edch, p\u016fl roce, 8 m\u011bs\u00edc\u00edch, 10 m\u011bs\u00edc\u00edch, roce, roce a p\u016fl,\u2026 Nemluv\u011b o nepl\u00e1novan\u00fdch n\u00e1v\u0161t\u011bv\u00e1ch v\u00a0dob\u011b vir\u00f3z.Pokud m\u00e1me na v\u00fdb\u011br, podle \u010deho volit?&#8211;\u00a0\u00a0\u00a0\u00a0\u00a0\u00a0\u00a0\u00a0\u00a0 \u0160ikovn\u00e9 je, pokud m\u00e1 ordinace dv\u011b \u010dek\u00e1rny. Jednu pro zdrav\u00e9 a druhou pro nemocn\u00e9 d\u011bti. Ocen\u00edte to, pokud jdete nap\u0159\u00edklad jen na prevenci.&#8211;\u00a0\u00a0\u00a0\u00a0\u00a0\u00a0\u00a0\u00a0\u00a0 Pro n\u011bkoho je d\u016fle\u017eit\u00e9, jestli prvn\u00ed prohl\u00eddky jsou v\u00a0ordinaci nebo doma. N\u011bkdo nerad pediatra ve sv\u00e9m dom\u011b. N\u011bkte\u0159\u00ed to vn\u00edmaj\u00ed jako kontrolu \u010distoty. Jin\u00ed zase naopak ocen\u00ed, pokud pediatr m\u016f\u017ee dorazit za miminkem. T\u0159eba kv\u016fli unaven\u00e9 mamince po sekci.&#8211;\u00a0\u00a0\u00a0\u00a0\u00a0\u00a0\u00a0\u00a0\u00a0 Zjist\u011bte si, jestli je u pediatra zaveden objedn\u00e1vac\u00ed syst\u00e9m. Nejednou ocen\u00edte, \u017ee m\u016f\u017eete p\u0159ij\u00edt na konkr\u00e9tn\u00ed \u010das a jste i p\u0159ibli\u017en\u011b v\u00a0tu dobu hned odbaveni.&#8211;\u00a0\u00a0\u00a0\u00a0\u00a0\u00a0\u00a0\u00a0\u00a0 V\u011bt\u0161inou u\u017e to je standardem \u2013 ale p\u0159esto si ov\u011b\u0159te, jestli poradna (prohl\u00eddky v\u00a0prvn\u00edch m\u011bs\u00edc\u00edch miminka) je \u010dasov\u011b vy\u010dlen\u011bna a nehroz\u00ed tak, \u017ee se budete potk\u00e1vat s\u00a0prskaj\u00edc\u00edmi pacienty.&#8211;\u00a0\u00a0\u00a0\u00a0\u00a0\u00a0\u00a0\u00a0\u00a0 Projd\u011bte si dostupn\u00e9 recenze na internetu a ide\u00e1ln\u011b i osobn\u011b poptejte sv\u00e9 zn\u00e1m\u00e9, abyste si ud\u011blali obr\u00e1zek.&#8211;\u00a0\u00a0\u00a0\u00a0\u00a0\u00a0\u00a0\u00a0\u00a0 V\u00a0neposledn\u00ed \u0159ad\u011b se informujte, jak\u00fd m\u00e1 pediatr n\u00e1zor na o\u010dkov\u00e1n\u00ed a jestli odpov\u00edd\u00e1 Va\u0161im p\u0159edstav\u00e1m.&#8211;\u00a0\u00a0\u00a0\u00a0\u00a0\u00a0\u00a0\u00a0\u00a0 Vyp\u00e1trejte, jak\u00fd m\u00e1 budouc\u00ed pediatr p\u0159\u00edstup k\u00a0l\u00e9\u010db\u011b. Nen\u00ed a\u017e p\u0159\u00edli\u0161 \u201eproti-pr\u00e1\u0161kov\u00fd\u201c nebo naopak nel\u00e9\u010d\u00ed moc invazivn\u011b?                                                                                                                                                                                                                                                                                                                                                                                        4.7\/5 - (4 votes)        "},{"@context":"https:\/\/schema.org\/","@type":"BreadcrumbList","itemListElement":[{"@type":"ListItem","position":1,"name":"Pediatr na m\u00edru","item":"https:\/\/www.konjunktura.cz\/pediatr-na-miru\/#breadcrumbitem"}]}]