[{"@context":"https:\/\/schema.org\/","@type":"Blog","@id":"https:\/\/www.konjunktura.cz#Blog","headline":"Konjunktura","description":"\nN\u00e1\u0161 web nevznikl proto, aby na internetu zab\u00edral m\u00edsto. Vznikl proto, aby sv\u00fdm n\u00e1v\u0161t\u011bvn\u00edk\u016fm dob\u0159e slou\u017eil. A proto k n\u00e1m zav\u00edtejte, a\u0165 i v\u00e1m m\u016f\u017eeme poslou\u017eit.","url":"https:\/\/www.konjunktura.cz","hasPart":[{"@type":"Article","@id":"https:\/\/www.konjunktura.cz\/proc-uzivat-macu-peruanskou\/","headline":"Pro\u010d u\u017e\u00edvat Macu peru\u00e1nskou","url":"https:\/\/www.konjunktura.cz\/proc-uzivat-macu-peruanskou\/","datePublished":"2022-10-11","dateModified":"2023-06-22","mainEntityOfPage":"https:\/\/www.konjunktura.cz\/proc-uzivat-macu-peruanskou\/","author":{"@type":"Person","@id":"https:\/\/www.konjunktura.cz\/author\/#Person","name":"","url":"https:\/\/www.konjunktura.cz\/author\/","identifier":1,"image":{"@type":"ImageObject","@id":"https:\/\/secure.gravatar.com\/avatar\/831abbcc684823965c5caa39ae4561083127c8aedfe9e524c6cecc176998c733?s=96&d=mm&r=g","url":"https:\/\/secure.gravatar.com\/avatar\/831abbcc684823965c5caa39ae4561083127c8aedfe9e524c6cecc176998c733?s=96&d=mm&r=g","height":96,"width":96}},"publisher":{"@type":"Organization","name":"konjunktura.cz","logo":{"@type":"ImageObject","@id":"\/logo.png","url":"\/logo.png","width":600,"height":60}},"image":{"@type":"ImageObject","@id":"https:\/\/www.konjunktura.cz\/wp-content\/uploads\/chinese-medicine-gb918a09f7_640.jpg","url":"https:\/\/www.konjunktura.cz\/wp-content\/uploads\/chinese-medicine-gb918a09f7_640.jpg","height":0,"width":0},"wordCount":589,"keywords":null},{"@type":"Article","@id":"https:\/\/www.konjunktura.cz\/proc-se-vam-nedari-zhubnout-a-jak-to-zmenit\/","headline":"Pro\u010d se v\u00e1m neda\u0159\u00ed zhubnout a jak to zm\u011bnit","url":"https:\/\/www.konjunktura.cz\/proc-se-vam-nedari-zhubnout-a-jak-to-zmenit\/","datePublished":"2022-05-27","dateModified":"2023-05-06","mainEntityOfPage":"https:\/\/www.konjunktura.cz\/proc-se-vam-nedari-zhubnout-a-jak-to-zmenit\/","author":{"@type":"Person","@id":"https:\/\/www.konjunktura.cz\/author\/#Person","name":"","url":"https:\/\/www.konjunktura.cz\/author\/","identifier":1,"image":{"@type":"ImageObject","@id":"https:\/\/secure.gravatar.com\/avatar\/831abbcc684823965c5caa39ae4561083127c8aedfe9e524c6cecc176998c733?s=96&d=mm&r=g","url":"https:\/\/secure.gravatar.com\/avatar\/831abbcc684823965c5caa39ae4561083127c8aedfe9e524c6cecc176998c733?s=96&d=mm&r=g","height":96,"width":96}},"publisher":{"@type":"Organization","name":"konjunktura.cz","logo":{"@type":"ImageObject","@id":"\/logo.png","url":"\/logo.png","width":600,"height":60}},"image":{"@type":"ImageObject","@id":"https:\/\/www.konjunktura.cz\/wp-content\/uploads\/hubnut%C3%AD%20(7)_2.jpg","url":"https:\/\/www.konjunktura.cz\/wp-content\/uploads\/hubnut%C3%AD%20(7)_2.jpg","height":0,"width":0},"wordCount":556,"keywords":null},{"@type":"Article","@id":"https:\/\/www.konjunktura.cz\/skvela-hypoteka\/","headline":"Skv\u011bl\u00e1 hypot\u00e9ka","url":"https:\/\/www.konjunktura.cz\/skvela-hypoteka\/","datePublished":"2022-04-27","dateModified":"2023-05-06","mainEntityOfPage":"https:\/\/www.konjunktura.cz\/skvela-hypoteka\/","author":{"@type":"Person","@id":"https:\/\/www.konjunktura.cz\/author\/#Person","name":"","url":"https:\/\/www.konjunktura.cz\/author\/","identifier":1,"image":{"@type":"ImageObject","@id":"https:\/\/secure.gravatar.com\/avatar\/831abbcc684823965c5caa39ae4561083127c8aedfe9e524c6cecc176998c733?s=96&d=mm&r=g","url":"https:\/\/secure.gravatar.com\/avatar\/831abbcc684823965c5caa39ae4561083127c8aedfe9e524c6cecc176998c733?s=96&d=mm&r=g","height":96,"width":96}},"publisher":{"@type":"Organization","name":"konjunktura.cz","logo":{"@type":"ImageObject","@id":"\/logo.png","url":"\/logo.png","width":600,"height":60}},"image":{"@type":"ImageObject","@id":"https:\/\/www.konjunktura.cz\/wp-content\/uploads\/kindergarten-g7522ed4ad_640_1.jpg","url":"https:\/\/www.konjunktura.cz\/wp-content\/uploads\/kindergarten-g7522ed4ad_640_1.jpg","height":0,"width":0},"wordCount":576,"keywords":null},{"@type":"Article","@id":"https:\/\/www.konjunktura.cz\/ptaci\/","headline":"Pt\u00e1ci","url":"https:\/\/www.konjunktura.cz\/ptaci\/","datePublished":"2022-04-16","dateModified":"2023-05-06","mainEntityOfPage":"https:\/\/www.konjunktura.cz\/ptaci\/","author":{"@type":"Person","@id":"https:\/\/www.konjunktura.cz\/author\/#Person","name":"","url":"https:\/\/www.konjunktura.cz\/author\/","identifier":1,"image":{"@type":"ImageObject","@id":"https:\/\/secure.gravatar.com\/avatar\/831abbcc684823965c5caa39ae4561083127c8aedfe9e524c6cecc176998c733?s=96&d=mm&r=g","url":"https:\/\/secure.gravatar.com\/avatar\/831abbcc684823965c5caa39ae4561083127c8aedfe9e524c6cecc176998c733?s=96&d=mm&r=g","height":96,"width":96}},"publisher":{"@type":"Organization","name":"konjunktura.cz","logo":{"@type":"ImageObject","@id":"\/logo.png","url":"\/logo.png","width":600,"height":60}},"image":{"@type":"ImageObject","@id":"https:\/\/www.konjunktura.cz\/wp-content\/uploads\/papou%C5%A1ek.jpg","url":"https:\/\/www.konjunktura.cz\/wp-content\/uploads\/papou%C5%A1ek.jpg","height":0,"width":0},"wordCount":608,"keywords":null},{"@type":"Article","@id":"https:\/\/www.konjunktura.cz\/s-leky-nejsou-zerty\/","headline":"S l\u00e9ky nejsou \u017eerty","url":"https:\/\/www.konjunktura.cz\/s-leky-nejsou-zerty\/","datePublished":"2022-04-10","dateModified":"2023-05-06","mainEntityOfPage":"https:\/\/www.konjunktura.cz\/s-leky-nejsou-zerty\/","author":{"@type":"Person","@id":"https:\/\/www.konjunktura.cz\/author\/#Person","name":"","url":"https:\/\/www.konjunktura.cz\/author\/","identifier":1,"image":{"@type":"ImageObject","@id":"https:\/\/secure.gravatar.com\/avatar\/831abbcc684823965c5caa39ae4561083127c8aedfe9e524c6cecc176998c733?s=96&d=mm&r=g","url":"https:\/\/secure.gravatar.com\/avatar\/831abbcc684823965c5caa39ae4561083127c8aedfe9e524c6cecc176998c733?s=96&d=mm&r=g","height":96,"width":96}},"publisher":{"@type":"Organization","name":"konjunktura.cz","logo":{"@type":"ImageObject","@id":"\/logo.png","url":"\/logo.png","width":600,"height":60}},"image":{"@type":"ImageObject","@id":"https:\/\/www.konjunktura.cz\/wp-content\/uploads\/pln%C3%A1%20st%C5%99%C3%ADka%C4%8Dka.jpg","url":"https:\/\/www.konjunktura.cz\/wp-content\/uploads\/pln%C3%A1%20st%C5%99%C3%ADka%C4%8Dka.jpg","height":0,"width":0},"wordCount":610,"keywords":null},{"@type":"Article","@id":"https:\/\/www.konjunktura.cz\/nosic-jizdnich-kol-na-tazne-zarizeni-je-spolehlivy-a-bezpecny\/","headline":"Nosi\u010d j\u00edzdn\u00edch kol na ta\u017en\u00e9 za\u0159\u00edzen\u00ed je spolehliv\u00fd a bezpe\u010dn\u00fd","url":"https:\/\/www.konjunktura.cz\/nosic-jizdnich-kol-na-tazne-zarizeni-je-spolehlivy-a-bezpecny\/","datePublished":"2022-03-28","dateModified":"2023-05-06","mainEntityOfPage":"https:\/\/www.konjunktura.cz\/nosic-jizdnich-kol-na-tazne-zarizeni-je-spolehlivy-a-bezpecny\/","author":{"@type":"Person","@id":"https:\/\/www.konjunktura.cz\/author\/#Person","name":"","url":"https:\/\/www.konjunktura.cz\/author\/","identifier":1,"image":{"@type":"ImageObject","@id":"https:\/\/secure.gravatar.com\/avatar\/831abbcc684823965c5caa39ae4561083127c8aedfe9e524c6cecc176998c733?s=96&d=mm&r=g","url":"https:\/\/secure.gravatar.com\/avatar\/831abbcc684823965c5caa39ae4561083127c8aedfe9e524c6cecc176998c733?s=96&d=mm&r=g","height":96,"width":96}},"publisher":{"@type":"Organization","name":"konjunktura.cz","logo":{"@type":"ImageObject","@id":"\/logo.png","url":"\/logo.png","width":600,"height":60}},"image":{"@type":"ImageObject","@id":"https:\/\/www.konjunktura.cz\/wp-content\/uploads\/bicycles-5661632_640_1.jpg","url":"https:\/\/www.konjunktura.cz\/wp-content\/uploads\/bicycles-5661632_640_1.jpg","height":0,"width":0},"wordCount":699,"keywords":null},{"@type":"Article","@id":"https:\/\/www.konjunktura.cz\/jak-preckat-financni-tisen\/","headline":"Jak p\u0159e\u010dkat finan\u010dn\u00ed t\u00edse\u0148?","url":"https:\/\/www.konjunktura.cz\/jak-preckat-financni-tisen\/","datePublished":"2022-02-08","dateModified":"2023-05-06","mainEntityOfPage":"https:\/\/www.konjunktura.cz\/jak-preckat-financni-tisen\/","author":{"@type":"Person","@id":"https:\/\/www.konjunktura.cz\/author\/#Person","name":"","url":"https:\/\/www.konjunktura.cz\/author\/","identifier":1,"image":{"@type":"ImageObject","@id":"https:\/\/secure.gravatar.com\/avatar\/831abbcc684823965c5caa39ae4561083127c8aedfe9e524c6cecc176998c733?s=96&d=mm&r=g","url":"https:\/\/secure.gravatar.com\/avatar\/831abbcc684823965c5caa39ae4561083127c8aedfe9e524c6cecc176998c733?s=96&d=mm&r=g","height":96,"width":96}},"publisher":{"@type":"Organization","name":"konjunktura.cz","logo":{"@type":"ImageObject","@id":"\/logo.png","url":"\/logo.png","width":600,"height":60}},"image":{"@type":"ImageObject","@id":"https:\/\/www.konjunktura.cz\/wp-content\/uploads\/rozlo%C5%BEen%C3%A9%20dolary_3.jpg","url":"https:\/\/www.konjunktura.cz\/wp-content\/uploads\/rozlo%C5%BEen%C3%A9%20dolary_3.jpg","height":0,"width":0},"wordCount":845,"keywords":null},{"@type":"Article","@id":"https:\/\/www.konjunktura.cz\/elektrikar-v-kutne-hore-provadi-nove-instalace-rekonstrukce-i-revize-elektrickych-zarizeni-a-rozvodu\/","headline":"Elektrik\u00e1\u0159 v Kutn\u00e9 Ho\u0159e prov\u00e1d\u00ed nov\u00e9 instalace, rekonstrukce i revize elektrick\u00fdch za\u0159\u00edzen\u00ed a rozvod\u016f","url":"https:\/\/www.konjunktura.cz\/elektrikar-v-kutne-hore-provadi-nove-instalace-rekonstrukce-i-revize-elektrickych-zarizeni-a-rozvodu\/","datePublished":"2022-01-23","dateModified":"2023-05-06","mainEntityOfPage":"https:\/\/www.konjunktura.cz\/elektrikar-v-kutne-hore-provadi-nove-instalace-rekonstrukce-i-revize-elektrickych-zarizeni-a-rozvodu\/","author":{"@type":"Person","@id":"https:\/\/www.konjunktura.cz\/author\/#Person","name":"","url":"https:\/\/www.konjunktura.cz\/author\/","identifier":1,"image":{"@type":"ImageObject","@id":"https:\/\/secure.gravatar.com\/avatar\/831abbcc684823965c5caa39ae4561083127c8aedfe9e524c6cecc176998c733?s=96&d=mm&r=g","url":"https:\/\/secure.gravatar.com\/avatar\/831abbcc684823965c5caa39ae4561083127c8aedfe9e524c6cecc176998c733?s=96&d=mm&r=g","height":96,"width":96}},"publisher":{"@type":"Organization","name":"konjunktura.cz","logo":{"@type":"ImageObject","@id":"\/logo.png","url":"\/logo.png","width":600,"height":60}},"image":{"@type":"ImageObject","@id":"https:\/\/www.konjunktura.cz\/wp-content\/uploads\/electrician-ge18e0102d_640.jpg","url":"https:\/\/www.konjunktura.cz\/wp-content\/uploads\/electrician-ge18e0102d_640.jpg","height":0,"width":0},"wordCount":569,"keywords":null},{"@type":"Article","@id":"https:\/\/www.konjunktura.cz\/dentalni-hygiena-je-potreba\/","headline":"Dent\u00e1ln\u00ed hygiena je pot\u0159eba","url":"https:\/\/www.konjunktura.cz\/dentalni-hygiena-je-potreba\/","datePublished":"2022-01-16","dateModified":"2023-05-06","mainEntityOfPage":"https:\/\/www.konjunktura.cz\/dentalni-hygiena-je-potreba\/","author":{"@type":"Person","@id":"https:\/\/www.konjunktura.cz\/author\/#Person","name":"","url":"https:\/\/www.konjunktura.cz\/author\/","identifier":1,"image":{"@type":"ImageObject","@id":"https:\/\/secure.gravatar.com\/avatar\/831abbcc684823965c5caa39ae4561083127c8aedfe9e524c6cecc176998c733?s=96&d=mm&r=g","url":"https:\/\/secure.gravatar.com\/avatar\/831abbcc684823965c5caa39ae4561083127c8aedfe9e524c6cecc176998c733?s=96&d=mm&r=g","height":96,"width":96}},"publisher":{"@type":"Organization","name":"konjunktura.cz","logo":{"@type":"ImageObject","@id":"\/logo.png","url":"\/logo.png","width":600,"height":60}},"image":{"@type":"ImageObject","@id":"https:\/\/www.konjunktura.cz\/wp-content\/uploads\/blue-g3ffb2e2f0_1920.jpg","url":"https:\/\/www.konjunktura.cz\/wp-content\/uploads\/blue-g3ffb2e2f0_1920.jpg","height":0,"width":0},"wordCount":537,"keywords":null},{"@type":"Article","@id":"https:\/\/www.konjunktura.cz\/co-s-neuspesnym-podnikanim\/","headline":"Co s ne\u00fasp\u011b\u0161n\u00fdm podnik\u00e1n\u00edm?","url":"https:\/\/www.konjunktura.cz\/co-s-neuspesnym-podnikanim\/","datePublished":"2021-12-26","dateModified":"2023-05-06","mainEntityOfPage":"https:\/\/www.konjunktura.cz\/co-s-neuspesnym-podnikanim\/","author":{"@type":"Person","@id":"https:\/\/www.konjunktura.cz\/author\/#Person","name":"","url":"https:\/\/www.konjunktura.cz\/author\/","identifier":1,"image":{"@type":"ImageObject","@id":"https:\/\/secure.gravatar.com\/avatar\/831abbcc684823965c5caa39ae4561083127c8aedfe9e524c6cecc176998c733?s=96&d=mm&r=g","url":"https:\/\/secure.gravatar.com\/avatar\/831abbcc684823965c5caa39ae4561083127c8aedfe9e524c6cecc176998c733?s=96&d=mm&r=g","height":96,"width":96}},"publisher":{"@type":"Organization","name":"konjunktura.cz","logo":{"@type":"ImageObject","@id":"\/logo.png","url":"\/logo.png","width":600,"height":60}},"image":{"@type":"ImageObject","@id":"https:\/\/www.konjunktura.cz\/wp-content\/uploads\/americk%C3%A1%20mince_7.jpg","url":"https:\/\/www.konjunktura.cz\/wp-content\/uploads\/americk%C3%A1%20mince_7.jpg","height":0,"width":0},"wordCount":657,"keywords":null}]},{"@context":"https:\/\/schema.org","@type":"WebSite","@id":"https:\/\/www.konjunktura.cz\/#website","name":"Konjunktura","url":"https:\/\/www.konjunktura.cz","potentialAction":{"@type":"SearchAction","target":"https:\/\/www.konjunktura.cz\/?s={search_term_string}","query-input":"required name=search_term_string"}}]