[{"@context":"https:\/\/schema.org\/","@type":"Blog","@id":"https:\/\/www.konjunktura.cz#Blog","headline":"Konjunktura","description":"\nN\u00e1\u0161 web nevznikl proto, aby na internetu zab\u00edral m\u00edsto. Vznikl proto, aby sv\u00fdm n\u00e1v\u0161t\u011bvn\u00edk\u016fm dob\u0159e slou\u017eil. A proto k n\u00e1m zav\u00edtejte, a\u0165 i v\u00e1m m\u016f\u017eeme poslou\u017eit.","url":"https:\/\/www.konjunktura.cz","hasPart":[{"@type":"Article","@id":"https:\/\/www.konjunktura.cz\/jak-se-pripravit-na-unik-vody-v-domacnosti\/","headline":"Jak se p\u0159ipravit na \u00fanik vody v dom\u00e1cnosti","url":"https:\/\/www.konjunktura.cz\/jak-se-pripravit-na-unik-vody-v-domacnosti\/","datePublished":"2023-12-26","dateModified":"2024-01-29","mainEntityOfPage":"https:\/\/www.konjunktura.cz\/jak-se-pripravit-na-unik-vody-v-domacnosti\/","author":{"@type":"Person","@id":"https:\/\/www.konjunktura.cz\/author\/#Person","name":"","url":"https:\/\/www.konjunktura.cz\/author\/","identifier":1,"image":{"@type":"ImageObject","@id":"https:\/\/secure.gravatar.com\/avatar\/831abbcc684823965c5caa39ae4561083127c8aedfe9e524c6cecc176998c733?s=96&d=mm&r=g","url":"https:\/\/secure.gravatar.com\/avatar\/831abbcc684823965c5caa39ae4561083127c8aedfe9e524c6cecc176998c733?s=96&d=mm&r=g","height":96,"width":96}},"publisher":{"@type":"Organization","name":"konjunktura.cz","logo":{"@type":"ImageObject","@id":"\/logo.png","url":"\/logo.png","width":600,"height":60}},"image":{"@type":"ImageObject","@id":"https:\/\/www.konjunktura.cz\/wp-content\/uploads\/tap-7624846_640_2.jpg","url":"https:\/\/www.konjunktura.cz\/wp-content\/uploads\/tap-7624846_640_2.jpg","height":0,"width":0},"wordCount":494,"keywords":null},{"@type":"Article","@id":"https:\/\/www.konjunktura.cz\/mate-take-manzela-pestitele\/","headline":"M\u00e1te tak\u00e9 man\u017eela p\u011bstitele","url":"https:\/\/www.konjunktura.cz\/mate-take-manzela-pestitele\/","datePublished":"2023-12-25","dateModified":"2023-12-25","mainEntityOfPage":"https:\/\/www.konjunktura.cz\/mate-take-manzela-pestitele\/","author":{"@type":"Person","@id":"https:\/\/www.konjunktura.cz\/author\/#Person","name":"","url":"https:\/\/www.konjunktura.cz\/author\/","identifier":1,"image":{"@type":"ImageObject","@id":"https:\/\/secure.gravatar.com\/avatar\/831abbcc684823965c5caa39ae4561083127c8aedfe9e524c6cecc176998c733?s=96&d=mm&r=g","url":"https:\/\/secure.gravatar.com\/avatar\/831abbcc684823965c5caa39ae4561083127c8aedfe9e524c6cecc176998c733?s=96&d=mm&r=g","height":96,"width":96}},"publisher":{"@type":"Organization","name":"konjunktura.cz","logo":{"@type":"ImageObject","@id":"\/logo.png","url":"\/logo.png","width":600,"height":60}},"image":null,"wordCount":289,"keywords":null},{"@type":"Article","@id":"https:\/\/www.konjunktura.cz\/pecliva-udrzba-vitezi-nad-poruchami\/","headline":"Pe\u010dliv\u00e1 \u00fadr\u017eba v\u00edt\u011bz\u00ed nad poruchami","url":"https:\/\/www.konjunktura.cz\/pecliva-udrzba-vitezi-nad-poruchami\/","datePublished":"2023-11-21","dateModified":"2023-11-21","mainEntityOfPage":"https:\/\/www.konjunktura.cz\/pecliva-udrzba-vitezi-nad-poruchami\/","author":{"@type":"Person","@id":"https:\/\/www.konjunktura.cz\/author\/#Person","name":"","url":"https:\/\/www.konjunktura.cz\/author\/","identifier":1,"image":{"@type":"ImageObject","@id":"https:\/\/secure.gravatar.com\/avatar\/831abbcc684823965c5caa39ae4561083127c8aedfe9e524c6cecc176998c733?s=96&d=mm&r=g","url":"https:\/\/secure.gravatar.com\/avatar\/831abbcc684823965c5caa39ae4561083127c8aedfe9e524c6cecc176998c733?s=96&d=mm&r=g","height":96,"width":96}},"publisher":{"@type":"Organization","name":"konjunktura.cz","logo":{"@type":"ImageObject","@id":"\/logo.png","url":"\/logo.png","width":600,"height":60}},"image":null,"wordCount":282,"keywords":null},{"@type":"Article","@id":"https:\/\/www.konjunktura.cz\/o-lasce-vedi-hvezdy-sve\/","headline":"O l\u00e1sce v\u011bd\u00ed hv\u011bzdy sv\u00e9!","url":"https:\/\/www.konjunktura.cz\/o-lasce-vedi-hvezdy-sve\/","datePublished":"2023-10-11","dateModified":"2023-10-11","mainEntityOfPage":"https:\/\/www.konjunktura.cz\/o-lasce-vedi-hvezdy-sve\/","author":{"@type":"Person","@id":"https:\/\/www.konjunktura.cz\/author\/#Person","name":"","url":"https:\/\/www.konjunktura.cz\/author\/","identifier":1,"image":{"@type":"ImageObject","@id":"https:\/\/secure.gravatar.com\/avatar\/831abbcc684823965c5caa39ae4561083127c8aedfe9e524c6cecc176998c733?s=96&d=mm&r=g","url":"https:\/\/secure.gravatar.com\/avatar\/831abbcc684823965c5caa39ae4561083127c8aedfe9e524c6cecc176998c733?s=96&d=mm&r=g","height":96,"width":96}},"publisher":{"@type":"Organization","name":"konjunktura.cz","logo":{"@type":"ImageObject","@id":"\/logo.png","url":"\/logo.png","width":600,"height":60}},"image":null,"wordCount":194,"keywords":null},{"@type":"Article","@id":"https:\/\/www.konjunktura.cz\/pro-vyssi-komfort\/","headline":"Pro vy\u0161\u0161\u00ed komfort","url":"https:\/\/www.konjunktura.cz\/pro-vyssi-komfort\/","datePublished":"2023-09-05","dateModified":"2023-09-05","mainEntityOfPage":"https:\/\/www.konjunktura.cz\/pro-vyssi-komfort\/","author":{"@type":"Person","@id":"https:\/\/www.konjunktura.cz\/author\/#Person","name":"","url":"https:\/\/www.konjunktura.cz\/author\/","identifier":1,"image":{"@type":"ImageObject","@id":"https:\/\/secure.gravatar.com\/avatar\/831abbcc684823965c5caa39ae4561083127c8aedfe9e524c6cecc176998c733?s=96&d=mm&r=g","url":"https:\/\/secure.gravatar.com\/avatar\/831abbcc684823965c5caa39ae4561083127c8aedfe9e524c6cecc176998c733?s=96&d=mm&r=g","height":96,"width":96}},"publisher":{"@type":"Organization","name":"konjunktura.cz","logo":{"@type":"ImageObject","@id":"\/logo.png","url":"\/logo.png","width":600,"height":60}},"image":null,"wordCount":292,"keywords":null},{"@type":"Article","@id":"https:\/\/www.konjunktura.cz\/stylova-a-modni-znacka\/","headline":"Stylov\u00e1 a m\u00f3dn\u00ed zna\u010dka","url":"https:\/\/www.konjunktura.cz\/stylova-a-modni-znacka\/","datePublished":"2023-07-29","dateModified":"2023-07-29","mainEntityOfPage":"https:\/\/www.konjunktura.cz\/stylova-a-modni-znacka\/","author":{"@type":"Person","@id":"https:\/\/www.konjunktura.cz\/author\/#Person","name":"","url":"https:\/\/www.konjunktura.cz\/author\/","identifier":1,"image":{"@type":"ImageObject","@id":"https:\/\/secure.gravatar.com\/avatar\/831abbcc684823965c5caa39ae4561083127c8aedfe9e524c6cecc176998c733?s=96&d=mm&r=g","url":"https:\/\/secure.gravatar.com\/avatar\/831abbcc684823965c5caa39ae4561083127c8aedfe9e524c6cecc176998c733?s=96&d=mm&r=g","height":96,"width":96}},"publisher":{"@type":"Organization","name":"konjunktura.cz","logo":{"@type":"ImageObject","@id":"\/logo.png","url":"\/logo.png","width":600,"height":60}},"image":null,"wordCount":296,"keywords":null},{"@type":"Article","@id":"https:\/\/www.konjunktura.cz\/musime-si-pomahat\/","headline":"Mus\u00edme si pom\u00e1hat","url":"https:\/\/www.konjunktura.cz\/musime-si-pomahat\/","datePublished":"2023-07-21","dateModified":"2023-09-01","mainEntityOfPage":"https:\/\/www.konjunktura.cz\/musime-si-pomahat\/","author":{"@type":"Person","@id":"https:\/\/www.konjunktura.cz\/author\/#Person","name":"","url":"https:\/\/www.konjunktura.cz\/author\/","identifier":1,"image":{"@type":"ImageObject","@id":"https:\/\/secure.gravatar.com\/avatar\/831abbcc684823965c5caa39ae4561083127c8aedfe9e524c6cecc176998c733?s=96&d=mm&r=g","url":"https:\/\/secure.gravatar.com\/avatar\/831abbcc684823965c5caa39ae4561083127c8aedfe9e524c6cecc176998c733?s=96&d=mm&r=g","height":96,"width":96}},"publisher":{"@type":"Organization","name":"konjunktura.cz","logo":{"@type":"ImageObject","@id":"\/logo.png","url":"\/logo.png","width":600,"height":60}},"image":{"@type":"ImageObject","@id":"https:\/\/www.konjunktura.cz\/wp-content\/uploads\/pexels-matthias-zomer-339620_1.jpg","url":"https:\/\/www.konjunktura.cz\/wp-content\/uploads\/pexels-matthias-zomer-339620_1.jpg","height":0,"width":0},"wordCount":516,"keywords":null},{"@type":"Article","@id":"https:\/\/www.konjunktura.cz\/lozni-pradlo-od-ceskych-svadlenek\/","headline":"Lo\u017en\u00ed pr\u00e1dlo od \u010desk\u00fdch \u0161vadlenek","url":"https:\/\/www.konjunktura.cz\/lozni-pradlo-od-ceskych-svadlenek\/","datePublished":"2023-06-20","dateModified":"2024-06-24","mainEntityOfPage":"https:\/\/www.konjunktura.cz\/lozni-pradlo-od-ceskych-svadlenek\/","author":{"@type":"Person","@id":"https:\/\/www.konjunktura.cz\/author\/#Person","name":"","url":"https:\/\/www.konjunktura.cz\/author\/","identifier":1,"image":{"@type":"ImageObject","@id":"https:\/\/secure.gravatar.com\/avatar\/831abbcc684823965c5caa39ae4561083127c8aedfe9e524c6cecc176998c733?s=96&d=mm&r=g","url":"https:\/\/secure.gravatar.com\/avatar\/831abbcc684823965c5caa39ae4561083127c8aedfe9e524c6cecc176998c733?s=96&d=mm&r=g","height":96,"width":96}},"publisher":{"@type":"Organization","name":"konjunktura.cz","logo":{"@type":"ImageObject","@id":"\/logo.png","url":"\/logo.png","width":600,"height":60}},"image":null,"wordCount":262,"keywords":null},{"@type":"Article","@id":"https:\/\/www.konjunktura.cz\/viagra-pro-potenci\/","headline":"Viagra pro potenci","url":"https:\/\/www.konjunktura.cz\/viagra-pro-potenci\/","datePublished":"2023-05-28","dateModified":"2024-05-28","mainEntityOfPage":"https:\/\/www.konjunktura.cz\/viagra-pro-potenci\/","author":{"@type":"Person","@id":"https:\/\/www.konjunktura.cz\/author\/#Person","name":"","url":"https:\/\/www.konjunktura.cz\/author\/","identifier":1,"image":{"@type":"ImageObject","@id":"https:\/\/secure.gravatar.com\/avatar\/831abbcc684823965c5caa39ae4561083127c8aedfe9e524c6cecc176998c733?s=96&d=mm&r=g","url":"https:\/\/secure.gravatar.com\/avatar\/831abbcc684823965c5caa39ae4561083127c8aedfe9e524c6cecc176998c733?s=96&d=mm&r=g","height":96,"width":96}},"publisher":{"@type":"Organization","name":"konjunktura.cz","logo":{"@type":"ImageObject","@id":"\/logo.png","url":"\/logo.png","width":600,"height":60}},"image":{"@type":"ImageObject","@id":"https:\/\/www.konjunktura.cz\/wp-content\/uploads\/hand-3632914_1280_3.jpg","url":"https:\/\/www.konjunktura.cz\/wp-content\/uploads\/hand-3632914_1280_3.jpg","height":0,"width":0},"wordCount":548,"keywords":null},{"@type":"Article","@id":"https:\/\/www.konjunktura.cz\/stejne-penize-vsem\/","headline":"Stejn\u00e9 pen\u00edze v\u0161em","url":"https:\/\/www.konjunktura.cz\/stejne-penize-vsem\/","datePublished":"2023-05-06","dateModified":"2023-05-06","mainEntityOfPage":"https:\/\/www.konjunktura.cz\/stejne-penize-vsem\/","author":{"@type":"Person","@id":"https:\/\/www.konjunktura.cz\/author\/#Person","name":"","url":"https:\/\/www.konjunktura.cz\/author\/","identifier":1,"image":{"@type":"ImageObject","@id":"https:\/\/secure.gravatar.com\/avatar\/831abbcc684823965c5caa39ae4561083127c8aedfe9e524c6cecc176998c733?s=96&d=mm&r=g","url":"https:\/\/secure.gravatar.com\/avatar\/831abbcc684823965c5caa39ae4561083127c8aedfe9e524c6cecc176998c733?s=96&d=mm&r=g","height":96,"width":96}},"publisher":{"@type":"Organization","name":"konjunktura.cz","logo":{"@type":"ImageObject","@id":"\/logo.png","url":"\/logo.png","width":600,"height":60}},"image":{"@type":"ImageObject","@id":"https:\/\/www.konjunktura.cz\/wp-content\/uploads\/img_a336920_w2654_t1550230417.jpg","url":"https:\/\/www.konjunktura.cz\/wp-content\/uploads\/img_a336920_w2654_t1550230417.jpg","height":0,"width":0},"wordCount":706,"keywords":null}]},{"@context":"https:\/\/schema.org","@type":"WebSite","@id":"https:\/\/www.konjunktura.cz\/#website","name":"Konjunktura","url":"https:\/\/www.konjunktura.cz","potentialAction":{"@type":"SearchAction","target":"https:\/\/www.konjunktura.cz\/?s={search_term_string}","query-input":"required name=search_term_string"}}]