[{"@context":"https:\/\/schema.org\/","@type":"Blog","@id":"https:\/\/www.konjunktura.cz#Blog","headline":"Konjunktura","description":"\nN\u00e1\u0161 web nevznikl proto, aby na internetu zab\u00edral m\u00edsto. Vznikl proto, aby sv\u00fdm n\u00e1v\u0161t\u011bvn\u00edk\u016fm dob\u0159e slou\u017eil. A proto k n\u00e1m zav\u00edtejte, a\u0165 i v\u00e1m m\u016f\u017eeme poslou\u017eit.","url":"https:\/\/www.konjunktura.cz","hasPart":[{"@type":"Article","@id":"https:\/\/www.konjunktura.cz\/kouzelne-druhy\/","headline":"Kouzeln\u00e9 druhy","url":"https:\/\/www.konjunktura.cz\/kouzelne-druhy\/","datePublished":"2024-11-25","dateModified":"2024-11-25","mainEntityOfPage":"https:\/\/www.konjunktura.cz\/kouzelne-druhy\/","author":{"@type":"Person","@id":"https:\/\/www.konjunktura.cz\/author\/#Person","name":"","url":"https:\/\/www.konjunktura.cz\/author\/","identifier":1,"image":{"@type":"ImageObject","@id":"https:\/\/secure.gravatar.com\/avatar\/831abbcc684823965c5caa39ae4561083127c8aedfe9e524c6cecc176998c733?s=96&d=mm&r=g","url":"https:\/\/secure.gravatar.com\/avatar\/831abbcc684823965c5caa39ae4561083127c8aedfe9e524c6cecc176998c733?s=96&d=mm&r=g","height":96,"width":96}},"publisher":{"@type":"Organization","name":"konjunktura.cz","logo":{"@type":"ImageObject","@id":"\/logo.png","url":"\/logo.png","width":600,"height":60}},"image":null,"wordCount":213,"keywords":null},{"@type":"Article","@id":"https:\/\/www.konjunktura.cz\/dokonaly-sperk\/","headline":"Dokonal\u00fd \u0161perk\u2026","url":"https:\/\/www.konjunktura.cz\/dokonaly-sperk\/","datePublished":"2024-11-18","dateModified":"2024-11-18","mainEntityOfPage":"https:\/\/www.konjunktura.cz\/dokonaly-sperk\/","author":{"@type":"Person","@id":"https:\/\/www.konjunktura.cz\/author\/#Person","name":"","url":"https:\/\/www.konjunktura.cz\/author\/","identifier":1,"image":{"@type":"ImageObject","@id":"https:\/\/secure.gravatar.com\/avatar\/831abbcc684823965c5caa39ae4561083127c8aedfe9e524c6cecc176998c733?s=96&d=mm&r=g","url":"https:\/\/secure.gravatar.com\/avatar\/831abbcc684823965c5caa39ae4561083127c8aedfe9e524c6cecc176998c733?s=96&d=mm&r=g","height":96,"width":96}},"publisher":{"@type":"Organization","name":"konjunktura.cz","logo":{"@type":"ImageObject","@id":"\/logo.png","url":"\/logo.png","width":600,"height":60}},"image":null,"wordCount":264,"keywords":null},{"@type":"Article","@id":"https:\/\/www.konjunktura.cz\/diky-nam-budete-mit-kvalitni-odpocinek\/","headline":"D\u00edky n\u00e1m budete m\u00edt kvalitn\u00ed odpo\u010dinek","url":"https:\/\/www.konjunktura.cz\/diky-nam-budete-mit-kvalitni-odpocinek\/","datePublished":"2024-11-08","dateModified":"2024-11-08","mainEntityOfPage":"https:\/\/www.konjunktura.cz\/diky-nam-budete-mit-kvalitni-odpocinek\/","author":{"@type":"Person","@id":"https:\/\/www.konjunktura.cz\/author\/#Person","name":"","url":"https:\/\/www.konjunktura.cz\/author\/","identifier":1,"image":{"@type":"ImageObject","@id":"https:\/\/secure.gravatar.com\/avatar\/831abbcc684823965c5caa39ae4561083127c8aedfe9e524c6cecc176998c733?s=96&d=mm&r=g","url":"https:\/\/secure.gravatar.com\/avatar\/831abbcc684823965c5caa39ae4561083127c8aedfe9e524c6cecc176998c733?s=96&d=mm&r=g","height":96,"width":96}},"publisher":{"@type":"Organization","name":"konjunktura.cz","logo":{"@type":"ImageObject","@id":"\/logo.png","url":"\/logo.png","width":600,"height":60}},"image":null,"wordCount":251,"keywords":null},{"@type":"Article","@id":"https:\/\/www.konjunktura.cz\/udelejte-neco-pro-svoje-zdravi\/","headline":"Ud\u011blejte n\u011bco pro svoje zdrav\u00ed","url":"https:\/\/www.konjunktura.cz\/udelejte-neco-pro-svoje-zdravi\/","datePublished":"2024-11-02","dateModified":"2024-11-02","mainEntityOfPage":"https:\/\/www.konjunktura.cz\/udelejte-neco-pro-svoje-zdravi\/","author":{"@type":"Person","@id":"https:\/\/www.konjunktura.cz\/author\/#Person","name":"","url":"https:\/\/www.konjunktura.cz\/author\/","identifier":1,"image":{"@type":"ImageObject","@id":"https:\/\/secure.gravatar.com\/avatar\/831abbcc684823965c5caa39ae4561083127c8aedfe9e524c6cecc176998c733?s=96&d=mm&r=g","url":"https:\/\/secure.gravatar.com\/avatar\/831abbcc684823965c5caa39ae4561083127c8aedfe9e524c6cecc176998c733?s=96&d=mm&r=g","height":96,"width":96}},"publisher":{"@type":"Organization","name":"konjunktura.cz","logo":{"@type":"ImageObject","@id":"\/logo.png","url":"\/logo.png","width":600,"height":60}},"image":null,"wordCount":286,"keywords":null},{"@type":"Article","@id":"https:\/\/www.konjunktura.cz\/domaci-tisk-za-hubicku\/","headline":"Dom\u00e1c\u00ed tisk za hubi\u010dku","url":"https:\/\/www.konjunktura.cz\/domaci-tisk-za-hubicku\/","datePublished":"2024-10-28","dateModified":"2024-10-28","mainEntityOfPage":"https:\/\/www.konjunktura.cz\/domaci-tisk-za-hubicku\/","author":{"@type":"Person","@id":"https:\/\/www.konjunktura.cz\/author\/#Person","name":"","url":"https:\/\/www.konjunktura.cz\/author\/","identifier":1,"image":{"@type":"ImageObject","@id":"https:\/\/secure.gravatar.com\/avatar\/831abbcc684823965c5caa39ae4561083127c8aedfe9e524c6cecc176998c733?s=96&d=mm&r=g","url":"https:\/\/secure.gravatar.com\/avatar\/831abbcc684823965c5caa39ae4561083127c8aedfe9e524c6cecc176998c733?s=96&d=mm&r=g","height":96,"width":96}},"publisher":{"@type":"Organization","name":"konjunktura.cz","logo":{"@type":"ImageObject","@id":"\/logo.png","url":"\/logo.png","width":600,"height":60}},"image":null,"wordCount":292,"keywords":null},{"@type":"Article","@id":"https:\/\/www.konjunktura.cz\/nejkrasnejsi-nevesta\/","headline":"Nejkr\u00e1sn\u011bj\u0161\u00ed nev\u011bsta","url":"https:\/\/www.konjunktura.cz\/nejkrasnejsi-nevesta\/","datePublished":"2024-10-23","dateModified":"2024-10-23","mainEntityOfPage":"https:\/\/www.konjunktura.cz\/nejkrasnejsi-nevesta\/","author":{"@type":"Person","@id":"https:\/\/www.konjunktura.cz\/author\/#Person","name":"","url":"https:\/\/www.konjunktura.cz\/author\/","identifier":1,"image":{"@type":"ImageObject","@id":"https:\/\/secure.gravatar.com\/avatar\/831abbcc684823965c5caa39ae4561083127c8aedfe9e524c6cecc176998c733?s=96&d=mm&r=g","url":"https:\/\/secure.gravatar.com\/avatar\/831abbcc684823965c5caa39ae4561083127c8aedfe9e524c6cecc176998c733?s=96&d=mm&r=g","height":96,"width":96}},"publisher":{"@type":"Organization","name":"konjunktura.cz","logo":{"@type":"ImageObject","@id":"\/logo.png","url":"\/logo.png","width":600,"height":60}},"image":null,"wordCount":301,"keywords":null},{"@type":"Article","@id":"https:\/\/www.konjunktura.cz\/na-co-si-dat-pozor-pri-koupi-nemovitosti\/","headline":"Na co si d\u00e1t pozor p\u0159i koupi nemovitosti","url":"https:\/\/www.konjunktura.cz\/na-co-si-dat-pozor-pri-koupi-nemovitosti\/","datePublished":"2024-09-29","dateModified":"2024-09-29","mainEntityOfPage":"https:\/\/www.konjunktura.cz\/na-co-si-dat-pozor-pri-koupi-nemovitosti\/","author":{"@type":"Person","@id":"https:\/\/www.konjunktura.cz\/author\/#Person","name":"","url":"https:\/\/www.konjunktura.cz\/author\/","identifier":1,"image":{"@type":"ImageObject","@id":"https:\/\/secure.gravatar.com\/avatar\/831abbcc684823965c5caa39ae4561083127c8aedfe9e524c6cecc176998c733?s=96&d=mm&r=g","url":"https:\/\/secure.gravatar.com\/avatar\/831abbcc684823965c5caa39ae4561083127c8aedfe9e524c6cecc176998c733?s=96&d=mm&r=g","height":96,"width":96}},"publisher":{"@type":"Organization","name":"konjunktura.cz","logo":{"@type":"ImageObject","@id":"\/logo.png","url":"\/logo.png","width":600,"height":60}},"image":{"@type":"ImageObject","@id":"https:\/\/www.konjunktura.cz\/wp-content\/uploads\/hypoteka1_10_10_10_10_10_10_10_10_10_10_10_2.jpg","url":"https:\/\/www.konjunktura.cz\/wp-content\/uploads\/hypoteka1_10_10_10_10_10_10_10_10_10_10_10_2.jpg","height":0,"width":0},"wordCount":552,"keywords":null},{"@type":"Article","@id":"https:\/\/www.konjunktura.cz\/koprivy-nejsou-jen-pro-zlost\/","headline":"Kop\u0159ivy nejsou jen pro zlost","url":"https:\/\/www.konjunktura.cz\/koprivy-nejsou-jen-pro-zlost\/","datePublished":"2024-07-27","dateModified":"2024-07-27","mainEntityOfPage":"https:\/\/www.konjunktura.cz\/koprivy-nejsou-jen-pro-zlost\/","author":{"@type":"Person","@id":"https:\/\/www.konjunktura.cz\/author\/#Person","name":"","url":"https:\/\/www.konjunktura.cz\/author\/","identifier":1,"image":{"@type":"ImageObject","@id":"https:\/\/secure.gravatar.com\/avatar\/831abbcc684823965c5caa39ae4561083127c8aedfe9e524c6cecc176998c733?s=96&d=mm&r=g","url":"https:\/\/secure.gravatar.com\/avatar\/831abbcc684823965c5caa39ae4561083127c8aedfe9e524c6cecc176998c733?s=96&d=mm&r=g","height":96,"width":96}},"publisher":{"@type":"Organization","name":"konjunktura.cz","logo":{"@type":"ImageObject","@id":"\/logo.png","url":"\/logo.png","width":600,"height":60}},"image":{"@type":"ImageObject","@id":"https:\/\/www.konjunktura.cz\/wp-content\/uploads\/%C4%8D%C4%8D%C4%8D%C4%8D%C4%8D%C4%8D%C4%8D%C4%8D%C4%8D%C4%8D%C4%8D.jpg","url":"https:\/\/www.konjunktura.cz\/wp-content\/uploads\/%C4%8D%C4%8D%C4%8D%C4%8D%C4%8D%C4%8D%C4%8D%C4%8D%C4%8D%C4%8D%C4%8D.jpg","height":0,"width":0},"wordCount":667,"keywords":null},{"@type":"Article","@id":"https:\/\/www.konjunktura.cz\/aby-se-vam-nerozbil\/","headline":"Aby se v\u00e1m nerozbil","url":"https:\/\/www.konjunktura.cz\/aby-se-vam-nerozbil\/","datePublished":"2024-06-11","dateModified":"2024-06-11","mainEntityOfPage":"https:\/\/www.konjunktura.cz\/aby-se-vam-nerozbil\/","author":{"@type":"Person","@id":"https:\/\/www.konjunktura.cz\/author\/#Person","name":"","url":"https:\/\/www.konjunktura.cz\/author\/","identifier":1,"image":{"@type":"ImageObject","@id":"https:\/\/secure.gravatar.com\/avatar\/831abbcc684823965c5caa39ae4561083127c8aedfe9e524c6cecc176998c733?s=96&d=mm&r=g","url":"https:\/\/secure.gravatar.com\/avatar\/831abbcc684823965c5caa39ae4561083127c8aedfe9e524c6cecc176998c733?s=96&d=mm&r=g","height":96,"width":96}},"publisher":{"@type":"Organization","name":"konjunktura.cz","logo":{"@type":"ImageObject","@id":"\/logo.png","url":"\/logo.png","width":600,"height":60}},"image":{"@type":"ImageObject","@id":"https:\/\/www.konjunktura.cz\/wp-content\/uploads\/mobile-2562332_640_10_6.jpg","url":"https:\/\/www.konjunktura.cz\/wp-content\/uploads\/mobile-2562332_640_10_6.jpg","height":0,"width":0},"wordCount":515,"keywords":null},{"@type":"Article","@id":"https:\/\/www.konjunktura.cz\/investujte-do-vlastniho-podnikani\/","headline":"Investujte do vlastn\u00edho podnik\u00e1n\u00ed","url":"https:\/\/www.konjunktura.cz\/investujte-do-vlastniho-podnikani\/","datePublished":"2024-04-30","dateModified":"2024-04-30","mainEntityOfPage":"https:\/\/www.konjunktura.cz\/investujte-do-vlastniho-podnikani\/","author":{"@type":"Person","@id":"https:\/\/www.konjunktura.cz\/author\/#Person","name":"","url":"https:\/\/www.konjunktura.cz\/author\/","identifier":1,"image":{"@type":"ImageObject","@id":"https:\/\/secure.gravatar.com\/avatar\/831abbcc684823965c5caa39ae4561083127c8aedfe9e524c6cecc176998c733?s=96&d=mm&r=g","url":"https:\/\/secure.gravatar.com\/avatar\/831abbcc684823965c5caa39ae4561083127c8aedfe9e524c6cecc176998c733?s=96&d=mm&r=g","height":96,"width":96}},"publisher":{"@type":"Organization","name":"konjunktura.cz","logo":{"@type":"ImageObject","@id":"\/logo.png","url":"\/logo.png","width":600,"height":60}},"image":null,"wordCount":283,"keywords":null}]},{"@context":"https:\/\/schema.org","@type":"WebSite","@id":"https:\/\/www.konjunktura.cz\/#website","name":"Konjunktura","url":"https:\/\/www.konjunktura.cz","potentialAction":{"@type":"SearchAction","target":"https:\/\/www.konjunktura.cz\/?s={search_term_string}","query-input":"required name=search_term_string"}}]