[{"@context":"https:\/\/schema.org\/","@type":"Blog","@id":"https:\/\/www.konjunktura.cz#Blog","headline":"Konjunktura","description":"\nN\u00e1\u0161 web nevznikl proto, aby na internetu zab\u00edral m\u00edsto. Vznikl proto, aby sv\u00fdm n\u00e1v\u0161t\u011bvn\u00edk\u016fm dob\u0159e slou\u017eil. A proto k n\u00e1m zav\u00edtejte, a\u0165 i v\u00e1m m\u016f\u017eeme poslou\u017eit.","url":"https:\/\/www.konjunktura.cz","hasPart":[{"@type":"Article","@id":"https:\/\/www.konjunktura.cz\/vybirame-sklenene-zabradli-na-co-se-zamerit-a-proc-sahnout-po-tomto-modernim-kousku\/","headline":"Vyb\u00edr\u00e1me sklen\u011bn\u00e9 z\u00e1bradl\u00ed &#8211; na co se zam\u011b\u0159it a pro\u010d s\u00e1hnout po tomto modern\u00edm kousku","url":"https:\/\/www.konjunktura.cz\/vybirame-sklenene-zabradli-na-co-se-zamerit-a-proc-sahnout-po-tomto-modernim-kousku\/","datePublished":"2020-07-13","dateModified":"2023-05-06","mainEntityOfPage":"https:\/\/www.konjunktura.cz\/vybirame-sklenene-zabradli-na-co-se-zamerit-a-proc-sahnout-po-tomto-modernim-kousku\/","author":{"@type":"Person","@id":"https:\/\/www.konjunktura.cz\/author\/#Person","name":"","url":"https:\/\/www.konjunktura.cz\/author\/","identifier":1,"image":{"@type":"ImageObject","@id":"https:\/\/secure.gravatar.com\/avatar\/831abbcc684823965c5caa39ae4561083127c8aedfe9e524c6cecc176998c733?s=96&d=mm&r=g","url":"https:\/\/secure.gravatar.com\/avatar\/831abbcc684823965c5caa39ae4561083127c8aedfe9e524c6cecc176998c733?s=96&d=mm&r=g","height":96,"width":96}},"publisher":{"@type":"Organization","name":"konjunktura.cz","logo":{"@type":"ImageObject","@id":"\/logo.png","url":"\/logo.png","width":600,"height":60}},"image":{"@type":"ImageObject","@id":"https:\/\/www.konjunktura.cz\/wp-content\/uploads\/pexels-photo-1616105.jpeg","url":"https:\/\/www.konjunktura.cz\/wp-content\/uploads\/pexels-photo-1616105.jpeg","height":0,"width":0},"wordCount":604,"keywords":null},{"@type":"Article","@id":"https:\/\/www.konjunktura.cz\/optimalizace-dokaze-zazraky\/","headline":"Optimalizace dok\u00e1\u017ee z\u00e1zraky","url":"https:\/\/www.konjunktura.cz\/optimalizace-dokaze-zazraky\/","datePublished":"2020-07-10","dateModified":"2023-05-06","mainEntityOfPage":"https:\/\/www.konjunktura.cz\/optimalizace-dokaze-zazraky\/","author":{"@type":"Person","@id":"https:\/\/www.konjunktura.cz\/author\/#Person","name":"","url":"https:\/\/www.konjunktura.cz\/author\/","identifier":1,"image":{"@type":"ImageObject","@id":"https:\/\/secure.gravatar.com\/avatar\/831abbcc684823965c5caa39ae4561083127c8aedfe9e524c6cecc176998c733?s=96&d=mm&r=g","url":"https:\/\/secure.gravatar.com\/avatar\/831abbcc684823965c5caa39ae4561083127c8aedfe9e524c6cecc176998c733?s=96&d=mm&r=g","height":96,"width":96}},"publisher":{"@type":"Organization","name":"konjunktura.cz","logo":{"@type":"ImageObject","@id":"\/logo.png","url":"\/logo.png","width":600,"height":60}},"image":{"@type":"ImageObject","@id":"https:\/\/www.konjunktura.cz\/wp-content\/uploads\/img_a383848_w2685_t1595501715.png","url":"https:\/\/www.konjunktura.cz\/wp-content\/uploads\/img_a383848_w2685_t1595501715.png","height":0,"width":0},"wordCount":554,"keywords":null},{"@type":"Article","@id":"https:\/\/www.konjunktura.cz\/rady-pro-zacatecniky-kteri-chteji-zacit-investovat\/","headline":"Rady pro za\u010d\u00e1te\u010dn\u00edky, kte\u0159\u00ed cht\u011bj\u00ed za\u010d\u00edt investovat","url":"https:\/\/www.konjunktura.cz\/rady-pro-zacatecniky-kteri-chteji-zacit-investovat\/","datePublished":"2020-06-21","dateModified":"2023-05-06","mainEntityOfPage":"https:\/\/www.konjunktura.cz\/rady-pro-zacatecniky-kteri-chteji-zacit-investovat\/","author":{"@type":"Person","@id":"https:\/\/www.konjunktura.cz\/author\/#Person","name":"","url":"https:\/\/www.konjunktura.cz\/author\/","identifier":1,"image":{"@type":"ImageObject","@id":"https:\/\/secure.gravatar.com\/avatar\/831abbcc684823965c5caa39ae4561083127c8aedfe9e524c6cecc176998c733?s=96&d=mm&r=g","url":"https:\/\/secure.gravatar.com\/avatar\/831abbcc684823965c5caa39ae4561083127c8aedfe9e524c6cecc176998c733?s=96&d=mm&r=g","height":96,"width":96}},"publisher":{"@type":"Organization","name":"konjunktura.cz","logo":{"@type":"ImageObject","@id":"\/logo.png","url":"\/logo.png","width":600,"height":60}},"image":{"@type":"ImageObject","@id":"https:\/\/www.konjunktura.cz\/wp-content\/uploads\/Zisk%20risk%20ztr%C3%A1ta.jpg","url":"https:\/\/www.konjunktura.cz\/wp-content\/uploads\/Zisk%20risk%20ztr%C3%A1ta.jpg","height":0,"width":0},"wordCount":529,"keywords":null},{"@type":"Article","@id":"https:\/\/www.konjunktura.cz\/kdy-jsou-schudky-k-bazenu-vhodne\/","headline":"Kdy jsou sch\u016fdky k baz\u00e9nu vhodn\u00e9","url":"https:\/\/www.konjunktura.cz\/kdy-jsou-schudky-k-bazenu-vhodne\/","datePublished":"2020-06-20","dateModified":"2023-05-06","mainEntityOfPage":"https:\/\/www.konjunktura.cz\/kdy-jsou-schudky-k-bazenu-vhodne\/","author":{"@type":"Person","@id":"https:\/\/www.konjunktura.cz\/author\/#Person","name":"","url":"https:\/\/www.konjunktura.cz\/author\/","identifier":1,"image":{"@type":"ImageObject","@id":"https:\/\/secure.gravatar.com\/avatar\/831abbcc684823965c5caa39ae4561083127c8aedfe9e524c6cecc176998c733?s=96&d=mm&r=g","url":"https:\/\/secure.gravatar.com\/avatar\/831abbcc684823965c5caa39ae4561083127c8aedfe9e524c6cecc176998c733?s=96&d=mm&r=g","height":96,"width":96}},"publisher":{"@type":"Organization","name":"konjunktura.cz","logo":{"@type":"ImageObject","@id":"\/logo.png","url":"\/logo.png","width":600,"height":60}},"image":{"@type":"ImageObject","@id":"https:\/\/www.konjunktura.cz\/wp-content\/uploads\/bazen2_5.jpg","url":"https:\/\/www.konjunktura.cz\/wp-content\/uploads\/bazen2_5.jpg","height":0,"width":0},"wordCount":587,"keywords":null},{"@type":"Article","@id":"https:\/\/www.konjunktura.cz\/mobilni-drevene-domy\/","headline":"Mobiln\u00ed d\u0159ev\u011bn\u00e9 domy","url":"https:\/\/www.konjunktura.cz\/mobilni-drevene-domy\/","datePublished":"2020-06-20","dateModified":"2023-05-06","mainEntityOfPage":"https:\/\/www.konjunktura.cz\/mobilni-drevene-domy\/","author":{"@type":"Person","@id":"https:\/\/www.konjunktura.cz\/author\/#Person","name":"","url":"https:\/\/www.konjunktura.cz\/author\/","identifier":1,"image":{"@type":"ImageObject","@id":"https:\/\/secure.gravatar.com\/avatar\/831abbcc684823965c5caa39ae4561083127c8aedfe9e524c6cecc176998c733?s=96&d=mm&r=g","url":"https:\/\/secure.gravatar.com\/avatar\/831abbcc684823965c5caa39ae4561083127c8aedfe9e524c6cecc176998c733?s=96&d=mm&r=g","height":96,"width":96}},"publisher":{"@type":"Organization","name":"konjunktura.cz","logo":{"@type":"ImageObject","@id":"\/logo.png","url":"\/logo.png","width":600,"height":60}},"image":{"@type":"ImageObject","@id":"https:\/\/www.konjunktura.cz\/wp-content\/uploads\/mobiln%C3%AD%20d%C5%AFm.png","url":"https:\/\/www.konjunktura.cz\/wp-content\/uploads\/mobiln%C3%AD%20d%C5%AFm.png","height":0,"width":0},"wordCount":1038,"keywords":null},{"@type":"Article","@id":"https:\/\/www.konjunktura.cz\/nove-trendy-v-bytovem-designu-pro-rok-2020\/","headline":"Nov\u00e9 trendy v bytov\u00e9m designu pro rok 2020","url":"https:\/\/www.konjunktura.cz\/nove-trendy-v-bytovem-designu-pro-rok-2020\/","datePublished":"2020-01-23","dateModified":"2023-05-06","mainEntityOfPage":"https:\/\/www.konjunktura.cz\/nove-trendy-v-bytovem-designu-pro-rok-2020\/","author":{"@type":"Person","@id":"https:\/\/www.konjunktura.cz\/author\/#Person","name":"","url":"https:\/\/www.konjunktura.cz\/author\/","identifier":1,"image":{"@type":"ImageObject","@id":"https:\/\/secure.gravatar.com\/avatar\/831abbcc684823965c5caa39ae4561083127c8aedfe9e524c6cecc176998c733?s=96&d=mm&r=g","url":"https:\/\/secure.gravatar.com\/avatar\/831abbcc684823965c5caa39ae4561083127c8aedfe9e524c6cecc176998c733?s=96&d=mm&r=g","height":96,"width":96}},"publisher":{"@type":"Organization","name":"konjunktura.cz","logo":{"@type":"ImageObject","@id":"\/logo.png","url":"\/logo.png","width":600,"height":60}},"image":{"@type":"ImageObject","@id":"https:\/\/www.konjunktura.cz\/wp-content\/uploads\/img_a367738_w2685_t1580232336.jpg","url":"https:\/\/www.konjunktura.cz\/wp-content\/uploads\/img_a367738_w2685_t1580232336.jpg","height":0,"width":0},"wordCount":642,"keywords":null},{"@type":"Article","@id":"https:\/\/www.konjunktura.cz\/rodina-pod-drobnohledem-sociologie\/","headline":"Rodina pod drobnohledem sociologie","url":"https:\/\/www.konjunktura.cz\/rodina-pod-drobnohledem-sociologie\/","datePublished":"2020-01-22","dateModified":"2023-05-06","mainEntityOfPage":"https:\/\/www.konjunktura.cz\/rodina-pod-drobnohledem-sociologie\/","author":{"@type":"Person","@id":"https:\/\/www.konjunktura.cz\/author\/#Person","name":"","url":"https:\/\/www.konjunktura.cz\/author\/","identifier":1,"image":{"@type":"ImageObject","@id":"https:\/\/secure.gravatar.com\/avatar\/831abbcc684823965c5caa39ae4561083127c8aedfe9e524c6cecc176998c733?s=96&d=mm&r=g","url":"https:\/\/secure.gravatar.com\/avatar\/831abbcc684823965c5caa39ae4561083127c8aedfe9e524c6cecc176998c733?s=96&d=mm&r=g","height":96,"width":96}},"publisher":{"@type":"Organization","name":"konjunktura.cz","logo":{"@type":"ImageObject","@id":"\/logo.png","url":"\/logo.png","width":600,"height":60}},"image":{"@type":"ImageObject","@id":"https:\/\/www.konjunktura.cz\/wp-content\/uploads\/img_a356145_w3292_t1570886653.jpg","url":"https:\/\/www.konjunktura.cz\/wp-content\/uploads\/img_a356145_w3292_t1570886653.jpg","height":0,"width":0},"wordCount":650,"keywords":null},{"@type":"Article","@id":"https:\/\/www.konjunktura.cz\/evropska-komise-predpovida-zpomaleni-rustu-ekonomiky\/","headline":"Evropsk\u00e1 komise p\u0159edpov\u00edd\u00e1 zpomalen\u00ed r\u016fstu ekonomiky","url":"https:\/\/www.konjunktura.cz\/evropska-komise-predpovida-zpomaleni-rustu-ekonomiky\/","datePublished":"2020-01-11","dateModified":"2023-05-06","mainEntityOfPage":"https:\/\/www.konjunktura.cz\/evropska-komise-predpovida-zpomaleni-rustu-ekonomiky\/","author":{"@type":"Person","@id":"https:\/\/www.konjunktura.cz\/author\/#Person","name":"","url":"https:\/\/www.konjunktura.cz\/author\/","identifier":1,"image":{"@type":"ImageObject","@id":"https:\/\/secure.gravatar.com\/avatar\/831abbcc684823965c5caa39ae4561083127c8aedfe9e524c6cecc176998c733?s=96&d=mm&r=g","url":"https:\/\/secure.gravatar.com\/avatar\/831abbcc684823965c5caa39ae4561083127c8aedfe9e524c6cecc176998c733?s=96&d=mm&r=g","height":96,"width":96}},"publisher":{"@type":"Organization","name":"konjunktura.cz","logo":{"@type":"ImageObject","@id":"\/logo.png","url":"\/logo.png","width":600,"height":60}},"image":{"@type":"ImageObject","@id":"https:\/\/www.konjunktura.cz\/wp-content\/uploads\/img_a347262_w2685_t1561474784.jpg","url":"https:\/\/www.konjunktura.cz\/wp-content\/uploads\/img_a347262_w2685_t1561474784.jpg","height":0,"width":0},"wordCount":438,"keywords":null},{"@type":"Article","@id":"https:\/\/www.konjunktura.cz\/immanuel-kant\/","headline":"Immanuel kant","url":"https:\/\/www.konjunktura.cz\/immanuel-kant\/","datePublished":"2020-01-09","dateModified":"2023-05-06","mainEntityOfPage":"https:\/\/www.konjunktura.cz\/immanuel-kant\/","author":{"@type":"Person","@id":"https:\/\/www.konjunktura.cz\/author\/#Person","name":"","url":"https:\/\/www.konjunktura.cz\/author\/","identifier":1,"image":{"@type":"ImageObject","@id":"https:\/\/secure.gravatar.com\/avatar\/831abbcc684823965c5caa39ae4561083127c8aedfe9e524c6cecc176998c733?s=96&d=mm&r=g","url":"https:\/\/secure.gravatar.com\/avatar\/831abbcc684823965c5caa39ae4561083127c8aedfe9e524c6cecc176998c733?s=96&d=mm&r=g","height":96,"width":96}},"publisher":{"@type":"Organization","name":"konjunktura.cz","logo":{"@type":"ImageObject","@id":"\/logo.png","url":"\/logo.png","width":600,"height":60}},"image":{"@type":"ImageObject","@id":"https:\/\/www.konjunktura.cz\/wp-content\/uploads\/img_a347186_w2685_t1561387230.jpg","url":"https:\/\/www.konjunktura.cz\/wp-content\/uploads\/img_a347186_w2685_t1561387230.jpg","height":0,"width":0},"wordCount":4616,"keywords":null},{"@type":"Article","@id":"https:\/\/www.konjunktura.cz\/sobestacnost-na-elektrine\/","headline":"Sob\u011bsta\u010dnost na elekt\u0159in\u011b","url":"https:\/\/www.konjunktura.cz\/sobestacnost-na-elektrine\/","datePublished":"2020-01-08","dateModified":"2023-05-06","mainEntityOfPage":"https:\/\/www.konjunktura.cz\/sobestacnost-na-elektrine\/","author":{"@type":"Person","@id":"https:\/\/www.konjunktura.cz\/author\/#Person","name":"","url":"https:\/\/www.konjunktura.cz\/author\/","identifier":1,"image":{"@type":"ImageObject","@id":"https:\/\/secure.gravatar.com\/avatar\/831abbcc684823965c5caa39ae4561083127c8aedfe9e524c6cecc176998c733?s=96&d=mm&r=g","url":"https:\/\/secure.gravatar.com\/avatar\/831abbcc684823965c5caa39ae4561083127c8aedfe9e524c6cecc176998c733?s=96&d=mm&r=g","height":96,"width":96}},"publisher":{"@type":"Organization","name":"konjunktura.cz","logo":{"@type":"ImageObject","@id":"\/logo.png","url":"\/logo.png","width":600,"height":60}},"image":{"@type":"ImageObject","@id":"https:\/\/www.konjunktura.cz\/wp-content\/uploads\/img_a345971_w2685_t1560003587.jpg","url":"https:\/\/www.konjunktura.cz\/wp-content\/uploads\/img_a345971_w2685_t1560003587.jpg","height":0,"width":0},"wordCount":457,"keywords":null}]},{"@context":"https:\/\/schema.org","@type":"WebSite","@id":"https:\/\/www.konjunktura.cz\/#website","name":"Konjunktura","url":"https:\/\/www.konjunktura.cz","potentialAction":{"@type":"SearchAction","target":"https:\/\/www.konjunktura.cz\/?s={search_term_string}","query-input":"required name=search_term_string"}}]