[{"@context":"https:\/\/schema.org\/","@type":"Article","@id":"https:\/\/www.konjunktura.cz\/musime-si-pomahat\/#Article","mainEntityOfPage":"https:\/\/www.konjunktura.cz\/musime-si-pomahat\/","headline":"Mus\u00edme si pom\u00e1hat","name":"Mus\u00edme si pom\u00e1hat","description":"N\u011bkte\u0159\u00ed v \u017eivot\u011b nemaj\u00ed p\u0159\u00edli\u0161 \u0161t\u011bst\u00ed. Lid\u00e9 se rod\u00ed s r\u016fzn\u00fdmi zdravotn\u00ed probl\u00e9my, kter\u00e9 jim znesnad\u0148uj\u00ed \u017eivot. Tak\u00e9 st\u00e1rneme a \u010dasto u\u017e nejsme schopni se&hellip;","datePublished":"2023-07-21","dateModified":"2023-09-01","author":{"@type":"Person","@id":"https:\/\/www.konjunktura.cz\/author\/#Person","name":"","url":"https:\/\/www.konjunktura.cz\/author\/","identifier":1,"image":{"@type":"ImageObject","@id":"https:\/\/secure.gravatar.com\/avatar\/831abbcc684823965c5caa39ae4561083127c8aedfe9e524c6cecc176998c733?s=96&d=mm&r=g","url":"https:\/\/secure.gravatar.com\/avatar\/831abbcc684823965c5caa39ae4561083127c8aedfe9e524c6cecc176998c733?s=96&d=mm&r=g","height":96,"width":96}},"publisher":{"@type":"Organization","name":"konjunktura.cz","logo":{"@type":"ImageObject","@id":"\/logo.png","url":"\/logo.png","width":600,"height":60}},"image":{"@type":"ImageObject","@id":"https:\/\/www.konjunktura.cz\/wp-content\/uploads\/pexels-matthias-zomer-339620_1.jpg","url":"https:\/\/www.konjunktura.cz\/wp-content\/uploads\/pexels-matthias-zomer-339620_1.jpg","height":0,"width":0},"url":"https:\/\/www.konjunktura.cz\/musime-si-pomahat\/","about":["Business"],"wordCount":400,"articleBody":"   N\u011bkte\u0159\u00ed v \u017eivot\u011b nemaj\u00ed p\u0159\u00edli\u0161 \u0161t\u011bst\u00ed. Lid\u00e9 se rod\u00ed s r\u016fzn\u00fdmi zdravotn\u00ed probl\u00e9my, kter\u00e9 jim znesnad\u0148uj\u00ed \u017eivot. Tak\u00e9 st\u00e1rneme a \u010dasto u\u017e nejsme schopni se o sebe postarat sami. Kdo u\u017e nem\u00e1 rodinu, m\u016f\u017ee to pro n\u011bj znamenat, \u017ee bude m\u00edt probl\u00e9m s obstar\u00e1v\u00e1n\u00edm b\u011b\u017en\u00fdch denn\u00edch \u010dinnost\u00ed. Mnoho star\u0161\u00edch osam\u011bl\u00fdch lid\u00ed u\u017e si neuklid\u00ed, nevypere a nevy\u017eehl\u00ed pr\u00e1dlo, a hlavn\u011b neuva\u0159\u00ed j\u00eddlo. Krom\u011b toho osam\u011bl\u00ed senio\u0159i \u010dasto m\u00edvaj\u00ed \u00fazkosti a deprese, proto\u017ee si nemaj\u00ed s k\u00fdm popov\u00eddat. A to jsou d\u016fvody, pro\u010d vznikaj\u00ed soci\u00e1ln\u00ed pracovi\u0161t\u011b ur\u010den\u00e1 senior\u016fm, kte\u0159\u00ed si pot\u0159ebuj\u00ed popov\u00eddat s vrstevn\u00edky a nebo si nechat ud\u011blat osobn\u00ed hygienu, kterou si sami neobstaraj\u00ed.Jedn\u00edm takov\u00fdm centrem je D\u016fm soci\u00e1ln\u00edch slu\u017eeb v Praze 13. je mo\u017en\u00e9 si zde zaj\u00edt na mas\u00e1\u017e \u010di pedik\u00faru, funguje zde j\u00eddelna kter\u00e1 nab\u00edz\u00ed mnoho druh\u016f velmi chutn\u00fdch j\u00eddel za p\u0159\u00edzniv\u00e9 ceny. D\u016fm funguje i jako denn\u00ed stacion\u00e1\u0159 pro v\u0161echny, kte\u0159\u00ed se cht\u011bj\u00ed \u00fa\u010dastnit m\u00edstn\u00edch aktivit. Dopravu si stacion\u00e1\u0159 zaji\u0161\u0165uje s\u00e1m. To znamen\u00e1, \u017ee klienty si dopravuje vlastn\u00edm automobilem a to tam i zp\u011bt. Finan\u010dn\u00ed prost\u0159edky takov\u00fdch center pro seniory jsou bohu\u017eel omezen\u00e9 a finan\u010dn\u00ed p\u0159\u00edsp\u011bvky od st\u00e1tu ani zdaleka nemohou pokr\u00fdt v\u0161e co je pot\u0159eba zaplatit. Tomu odpov\u00edd\u00e1 i stav n\u011bkter\u00e9ho za\u0159\u00edzen\u00ed \u010di vozov\u00fd park.Proto\u017ee jsme si v\u011bdomi toho \u017ee financ\u00ed situace v soci\u00e1ln\u00ed sf\u00e9\u0159e nen\u00ed v\u016fbec dobr\u00e1, rozhodli jsme se podpo\u0159it pr\u00e1v\u011b tento D\u016fm slu\u017eeb. Na\u0161e firma vyd\u011bl\u00e1v\u00e1 dostatek financ\u00ed na to, abychom se o n\u011b mohli pod\u011blit s t\u011bmi, kte\u0159\u00ed to pot\u0159ebuj\u00ed. Proto sponzorujeme nov\u00fd soci\u00e1ln\u00ed automobil pro Prahu 13, kter\u00fd u\u017e pom\u00e1h\u00e1 zam\u011bstnanc\u016fm Domu v p\u00e9\u010di o svoji klienty. Po\u0159\u00edzen\u00ed vozu bylo schv\u00e1leno veden\u00edm na\u0161\u00ed firmy a po dohod\u011b s veden\u00edm Domu soci\u00e1ln\u00edch slu\u017eeb jsme vybrali v\u016fz Dacia Dokker, kter\u00fd je spolehliv\u00fd a prakticky pr\u00e1v\u011b pro p\u0159evoz lid\u00ed, kte\u0159\u00ed mohou m\u00edt omezenou hybnost.                                                                                                                                                                                                                                                                                                                                                                                          3.6\/5 - (11 votes)        "},{"@context":"https:\/\/schema.org\/","@type":"BreadcrumbList","itemListElement":[{"@type":"ListItem","position":1,"name":"Mus\u00edme si pom\u00e1hat","item":"https:\/\/www.konjunktura.cz\/musime-si-pomahat\/#breadcrumbitem"}]}]