[{"@context":"https:\/\/schema.org\/","@type":"Article","@id":"https:\/\/www.konjunktura.cz\/klobouk-jako-nestarnouci-klasika\/#Article","mainEntityOfPage":"https:\/\/www.konjunktura.cz\/klobouk-jako-nestarnouci-klasika\/","headline":"Klobouk jako nest\u00e1rnouc\u00ed klasika","name":"Klobouk jako nest\u00e1rnouc\u00ed klasika","description":"Klobouk se n\u00e1m v\u0161em v dne\u0161n\u00ed dob\u011b jev\u00ed jako p\u0159edev\u0161\u00edm \u017eensk\u00fd m\u00f3dn\u00ed dopln\u011bk, kter\u00fd b\u011bhem sv\u00e9 dlouh\u00e9 historie t\u00e9m\u011b\u0159 ztratil svou d\u0159\u00edv\u011bj\u0161\u00ed sl\u00e1vu, kdy plnil&hellip;","datePublished":"2018-11-26","dateModified":"2023-05-06","author":{"@type":"Person","@id":"https:\/\/www.konjunktura.cz\/author\/#Person","name":"","url":"https:\/\/www.konjunktura.cz\/author\/","identifier":1,"image":{"@type":"ImageObject","@id":"https:\/\/secure.gravatar.com\/avatar\/831abbcc684823965c5caa39ae4561083127c8aedfe9e524c6cecc176998c733?s=96&d=mm&r=g","url":"https:\/\/secure.gravatar.com\/avatar\/831abbcc684823965c5caa39ae4561083127c8aedfe9e524c6cecc176998c733?s=96&d=mm&r=g","height":96,"width":96}},"publisher":{"@type":"Organization","name":"konjunktura.cz","logo":{"@type":"ImageObject","@id":"\/logo.png","url":"\/logo.png","width":600,"height":60}},"image":{"@type":"ImageObject","@id":"https:\/\/www.konjunktura.cz\/wp-content\/uploads\/img_a335097_w2685_t1548524366.jpg","url":"https:\/\/www.konjunktura.cz\/wp-content\/uploads\/img_a335097_w2685_t1548524366.jpg","height":0,"width":0},"url":"https:\/\/www.konjunktura.cz\/klobouk-jako-nestarnouci-klasika\/","about":["Vzd\u011bl\u00e1n\u00ed"],"wordCount":485,"articleBody":" Klobouk se n\u00e1m v\u0161em v dne\u0161n\u00ed dob\u011b jev\u00ed jako p\u0159edev\u0161\u00edm \u017eensk\u00fd m\u00f3dn\u00ed dopln\u011bk, kter\u00fd b\u011bhem sv\u00e9 dlouh\u00e9 historie t\u00e9m\u011b\u0159 ztratil svou d\u0159\u00edv\u011bj\u0161\u00ed sl\u00e1vu, kdy plnil sk\u0159\u00ed\u0148 ka\u017ed\u00e9ho \u010dlov\u011bka pohybuj\u00edc\u00edho se v kultivovan\u00e9 spole\u010dnosti. Je to v\u0161ak pouze zd\u00e1n\u00ed, jeliko\u017e klobouk jako ji\u017e tradi\u010dn\u00ed \u010d\u00e1st od\u011bvu nov\u011b a intenzivn\u011b vstupuje do prost\u0159ed\u00ed m\u00f3dy a st\u00e1v\u00e1 se b\u011b\u017en\u00fdm nejen pro \u017eeny, ale op\u011btovn\u011b i pro mu\u017ee.  Pokr\u00fdvka hlavy v d\u0159\u00edv\u011bj\u0161\u00edch dob\u00e1ch Jist\u011b nikoho nep\u0159ekvap\u00ed, \u017ee klobouk byl prim\u00e1rn\u011b vynalezen jako prost\u0159edek k ochran\u011b hlavy a tv\u00e1\u0159e v\u016f\u010di slune\u010dn\u00edmu z\u00e1\u0159en\u00ed. Tato jeho zd\u00e1nliv\u011b jednoduch\u00e1 funkce, dolo\u017een\u00e1 ji\u017e z dob Starov\u011bk\u00e9ho \u0158ecka \u010di Mezopot\u00e1mie, v\u0161ak velmi rychle nalezla uplatn\u011bn\u00ed i v m\u00f3dn\u00edch kruz\u00edch, kde se p\u0159es 19. stolet\u00ed zejm\u00e9na v evropsk\u00fdch metropol\u00edch jako nap\u0159\u00edklad Pa\u0159\u00ed\u017e nebo V\u00edde\u0148 p\u0159elila vlna z\u00e1jmu o tento dopln\u011bk, kter\u00fd se postupem \u010dasu stal druhem oble\u010den\u00ed pat\u0159\u00edc\u00ed sp\u00ed\u0161e k \u017een\u00e1m. V sou\u010dasnosti, kdy se neust\u00e1le tematizuj\u00ed genderov\u00e9 ot\u00e1zky a m\u00f3da t\u00e9m\u011b\u0159 nena\u0161la hranici mezi kr\u00e1sou a k\u00fd\u010dem, se v\u0161ak klobouk op\u011bt dost\u00e1v\u00e1 i do zorn\u00e9ho pole mu\u017e\u016f, stejn\u011b jako tomu bylo p\u0159edev\u0161\u00edm v obdob\u00ed 20. a 30. let minul\u00e9ho stolet\u00ed.  Nebojte se b\u00fdt osobit\u00ed Je z\u0159ejm\u00e9, \u017ee ne ka\u017ed\u00fd tomuto dopl\u0148ku obl\u00e9k\u00e1n\u00ed mus\u00ed p\u0159ij\u00edt na chu\u0165 a tak\u00e9 je vcelku obvykl\u00e9, kdy\u017e n\u011bkdo zcela nesouhlas\u00ed s nov\u00fdmi m\u00f3dn\u00edmi trendy, kter\u00e9 se \u010dasto pro b\u011b\u017en\u00e9ho laika st\u00e1vaj\u00ed a\u017e nevkusn\u00fdmi. Ot\u00e1zka vkusu a nevkusu je v\u0161ak v sou\u010dasn\u00e9 dob\u011b velice neuchopiteln\u00e9 t\u00e9ma, kter\u00e9 klobouky sv\u00fdm rozsahem typ\u016f, velikost\u00ed a barevn\u00fdch variant  nekompromisn\u011b ignoruj\u00ed. Jak se \u0159\u00edk\u00e1, extravaganci se meze nekladou, a proto je dnes mo\u017en\u00e9 naj\u00edt perfektn\u011b padnouc\u00ed klobouk nez\u00e1visle na tom, zda jste d\u00edt\u011b, \u017eena, mu\u017e, \u010di se pot\u00fdk\u00e1te s r\u016fzn\u00fdmi nesoum\u011brnostmi na va\u0161\u00ed tv\u00e1\u0159i. Nejd\u016fle\u017eit\u011bj\u0161\u00ed je, abyste se neb\u00e1li b\u00fdt osobit\u00ed a s ka\u017ed\u00fdm kusem oble\u010den\u00ed na sob\u011b se c\u00edtili p\u0159\u00edjemn\u011b, proto\u017ee nejkr\u00e1sn\u011bj\u0161\u00ed je \u010dlov\u011bk v\u017edy, kdy\u017e z n\u011bj sr\u0161\u00ed pozitivn\u00ed energie. Pokud tedy na ulici neust\u00e1le potk\u00e1v\u00e1te lidi se \u0161irok\u00fdm \u00fasm\u011bvem a rozja\u0159en\u00fdma o\u010dima, zkuste zap\u0159em\u00fd\u0161let nad t\u00edm, zda je tento \u010dlov\u011bk skute\u010dn\u011b takto bytostn\u011b nastaven a \u0161\u0165astn\u00fd, nebo se prost\u011b jen c\u00edt\u00ed skv\u011ble d\u00edky perfektn\u011b padnouc\u00edmu klobouku na hlav\u011b.                                                                                                                                                                                                                                                                                                                                                                                         3.6\/5 - (8 votes)        "},{"@context":"https:\/\/schema.org\/","@type":"BreadcrumbList","itemListElement":[{"@type":"ListItem","position":1,"name":"Klobouk jako nest\u00e1rnouc\u00ed klasika","item":"https:\/\/www.konjunktura.cz\/klobouk-jako-nestarnouci-klasika\/#breadcrumbitem"}]}]