[{"@context":"https:\/\/schema.org\/","@type":"Article","@id":"https:\/\/www.konjunktura.cz\/kam-nejlepe-umistit-sklenik\/#Article","mainEntityOfPage":"https:\/\/www.konjunktura.cz\/kam-nejlepe-umistit-sklenik\/","headline":"Kam nejl\u00e9pe um\u00edstit sklen\u00edk","name":"Kam nejl\u00e9pe um\u00edstit sklen\u00edk","description":"Nen\u00ed pochyb o tom, \u017ee zahradni\u010den\u00ed pat\u0159\u00ed k obl\u00edben\u00fdm kon\u00ed\u010dk\u016fm mnoha lid\u00ed. Probl\u00e9m je v\u0161ak v tom, \u017ee st\u00e1le nestabiln\u011bj\u0161\u00ed po\u010das\u00ed jej d\u011bl\u00e1 obt\u00ed\u017en\u011bj\u0161\u00edm. V&hellip;","datePublished":"2025-06-05","dateModified":"2025-06-05","author":{"@type":"Person","@id":"https:\/\/www.konjunktura.cz\/author\/#Person","name":"","url":"https:\/\/www.konjunktura.cz\/author\/","identifier":1,"image":{"@type":"ImageObject","@id":"https:\/\/secure.gravatar.com\/avatar\/831abbcc684823965c5caa39ae4561083127c8aedfe9e524c6cecc176998c733?s=96&d=mm&r=g","url":"https:\/\/secure.gravatar.com\/avatar\/831abbcc684823965c5caa39ae4561083127c8aedfe9e524c6cecc176998c733?s=96&d=mm&r=g","height":96,"width":96}},"publisher":{"@type":"Organization","name":"konjunktura.cz","logo":{"@type":"ImageObject","@id":"\/logo.png","url":"\/logo.png","width":600,"height":60}},"image":{"@type":"ImageObject","@id":"https:\/\/www.konjunktura.cz\/wp-content\/uploads\/sklenik1_3.jpg","url":"https:\/\/www.konjunktura.cz\/wp-content\/uploads\/sklenik1_3.jpg","height":0,"width":0},"url":"https:\/\/www.konjunktura.cz\/kam-nejlepe-umistit-sklenik\/","about":["V\u00fdrobky"],"wordCount":469,"articleBody":"          Nen\u00ed pochyb o tom, \u017ee zahradni\u010den\u00ed pat\u0159\u00ed k obl\u00edben\u00fdm kon\u00ed\u010dk\u016fm mnoha lid\u00ed. Probl\u00e9m je v\u0161ak v tom, \u017ee st\u00e1le nestabiln\u011bj\u0161\u00ed po\u010das\u00ed jej d\u011bl\u00e1 obt\u00ed\u017en\u011bj\u0161\u00edm. V posledn\u00edch letech m\u00e1me nejen st\u00e1le v\u00edce hork\u00fdch letn\u00edch dn\u00ed s teplotami p\u0159ibli\u017euj\u00edc\u00edmi se 40 stup\u0148\u016fm Celsia, ale tak\u00e9 st\u00e1le v\u00edce p\u0159\u00edrodn\u00edch katastrof, jako jsou povodn\u011b \u010di dokonce torn\u00e1da. Je tedy pochopiteln\u00e9, \u017ee lid\u00e9 hledaj\u00ed mo\u017enost, jak sv\u016fj kon\u00ed\u010dek provozovat alespo\u0148 trochu s jistotou. Zde n\u00e1m mohou pomoci nejr\u016fzn\u011bj\u0161\u00ed sklen\u00edky a f\u00f3liovn\u00edky. Ty poskytuj\u00ed rostlin\u00e1m nejen prost\u0159ed\u00ed se stabiln\u00ed vlhkost\u00ed a teplotou, ale tak\u00e9 ochranu p\u0159ed prudk\u00fdmi v\u011btry \u010di kroupami, kter\u00e9 by je mohly poni\u010dit. Nen\u00ed tedy divu, \u017ee jej najdeme na st\u00e1le v\u00edce zahrad\u00e1ch.Probl\u00e9mem v\u0161ak b\u00fdv\u00e1 \u010dasto jeho um\u00edst\u011bn\u00ed. Nad n\u00edm obvykle moc nep\u0159em\u00fd\u0161l\u00edme, a v\u011bt\u0161inou sklen\u00edk Skleniky.eu postav\u00edme tam, kde se n\u00e1m nejv\u00edce l\u00edb\u00ed, nebo zkr\u00e1tka na m\u00edsto, kam padne a nebude p\u0159ek\u00e1\u017eet, nap\u0159\u00edklad do v\u00fdklenku domu. Av\u0161ak a\u010dkoliv se to m\u016f\u017ee zd\u00e1t jako dobr\u00fd n\u00e1pad, ve skute\u010dnosti t\u00edm \u00fa\u010dinnost sklen\u00edku zna\u010dn\u011b sni\u017eujeme, a s t\u00edm tak\u00e9 v\u00fdnosy, kter\u00e9 bychom mohli z na\u0161\u00ed zahrady m\u00edt. P\u0159itom sta\u010d\u00ed dodr\u017eovat n\u011bkolik pravidel. T\u00edm hlavn\u00edm a nejd\u016fle\u017eit\u011bj\u0161\u00edm je, \u017ee by do n\u011bj m\u011blo proudit maximum slune\u010dn\u00edho sv\u011btla. Pr\u00e1v\u011b ono vytv\u00e1\u0159\u00ed ve sklen\u00edku ono typick\u00e9 prost\u0159ed\u00ed. Proto nen\u00ed dobr\u00e9 jej m\u00edt u zdi, kde na n\u011bj bude Slunce sv\u00edtit jen p\u00e1r hodin denn\u011b. Ide\u00e1ln\u00ed je postavit jej doprost\u0159ed zahrady, pokud ji m\u00e1me dostate\u010dn\u011b velkou, kam za cel\u00fd den nepad\u00e1 st\u00edn. Jist\u011b, ne v\u017edy je to mo\u017en\u00e9, a na mnoh\u00fdch zahrad\u00e1ch takov\u00e9 m\u00edsto ani nen\u00ed, ov\u0161em m\u011bli bychom se sna\u017eit se tomuto ide\u00e1lu co nejv\u00edce p\u0159ibl\u00ed\u017eit. D\u00e1le zde m\u00e1me ot\u00e1zku zal\u00e9v\u00e1n\u00ed. Sklen\u00edk by m\u011bl b\u00fdt tam, kde m\u00e1me p\u0159\u00edstup k vod\u011b, nap\u0159\u00edklad kde je um\u00edst\u011bn zahradn\u00ed kohout. Nesm\u00edme toti\u017e zapom\u00ednat, \u017ee jeliko\u017e do sklen\u00edku nepr\u0161\u00ed, bude zde nutn\u00e1 mnohem v\u011bt\u0161\u00ed a \u010dast\u011bj\u0161\u00ed z\u00e1livka. A tahat se s t\u011b\u017ek\u00fdmi konvemi nen\u00ed ide\u00e1ln\u00ed, nehled\u011b na fakt, \u017ee neust\u00e1l\u00e9 otv\u00edr\u00e1n\u00ed a zav\u00edr\u00e1n\u00ed dve\u0159\u00ed zm\u011bn\u00ed parametry uvnit\u0159 \u2013 a to nechceme.                                                                                                                                                                                                                                                                                                                                                                                          4.7\/5 - (7 votes)        "},{"@context":"https:\/\/schema.org\/","@type":"BreadcrumbList","itemListElement":[{"@type":"ListItem","position":1,"name":"Kam nejl\u00e9pe um\u00edstit sklen\u00edk","item":"https:\/\/www.konjunktura.cz\/kam-nejlepe-umistit-sklenik\/#breadcrumbitem"}]}]