{"@context":"https:\/\/schema.org\/","@type":"CollectionPage","@id":"https:\/\/www.konjunktura.cz\/ekonomika\/#CollectionPage","headline":"Ekonomika Category","description":"","url":"https:\/\/www.konjunktura.cz\/ekonomika\/","hasPart":[{"@type":"Article","@id":"https:\/\/www.konjunktura.cz\/nekdy-pomuze-pujcka\/","headline":"N\u011bkdy pom\u016f\u017ee p\u016fj\u010dka","url":"https:\/\/www.konjunktura.cz\/nekdy-pomuze-pujcka\/","datePublished":"2025-07-11","dateModified":"2025-07-11","mainEntityOfPage":"https:\/\/www.konjunktura.cz\/nekdy-pomuze-pujcka\/","author":{"@type":"Person","@id":"https:\/\/www.konjunktura.cz\/author\/#Person","name":"","url":"https:\/\/www.konjunktura.cz\/author\/","identifier":1,"image":{"@type":"ImageObject","@id":"https:\/\/secure.gravatar.com\/avatar\/831abbcc684823965c5caa39ae4561083127c8aedfe9e524c6cecc176998c733?s=96&d=mm&r=g","url":"https:\/\/secure.gravatar.com\/avatar\/831abbcc684823965c5caa39ae4561083127c8aedfe9e524c6cecc176998c733?s=96&d=mm&r=g","height":96,"width":96}},"publisher":{"@type":"Organization","name":"konjunktura.cz","logo":{"@type":"ImageObject","@id":"\/logo.png","url":"\/logo.png","width":600,"height":60}},"image":{"@type":"ImageObject","@id":"https:\/\/www.konjunktura.cz\/wp-content\/uploads\/ppppppppppppppppppppppppppppppppppppppppppppppppppppppp_10_6.jpg","url":"https:\/\/www.konjunktura.cz\/wp-content\/uploads\/ppppppppppppppppppppppppppppppppppppppppppppppppppppppp_10_6.jpg","height":0,"width":0},"keywords":null},{"@type":"Article","@id":"https:\/\/www.konjunktura.cz\/skvela-hypoteka\/","headline":"Skv\u011bl\u00e1 hypot\u00e9ka","url":"https:\/\/www.konjunktura.cz\/skvela-hypoteka\/","datePublished":"2022-04-27","dateModified":"2023-05-06","mainEntityOfPage":"https:\/\/www.konjunktura.cz\/skvela-hypoteka\/","author":{"@type":"Person","@id":"https:\/\/www.konjunktura.cz\/author\/#Person","name":"","url":"https:\/\/www.konjunktura.cz\/author\/","identifier":1,"image":{"@type":"ImageObject","@id":"https:\/\/secure.gravatar.com\/avatar\/831abbcc684823965c5caa39ae4561083127c8aedfe9e524c6cecc176998c733?s=96&d=mm&r=g","url":"https:\/\/secure.gravatar.com\/avatar\/831abbcc684823965c5caa39ae4561083127c8aedfe9e524c6cecc176998c733?s=96&d=mm&r=g","height":96,"width":96}},"publisher":{"@type":"Organization","name":"konjunktura.cz","logo":{"@type":"ImageObject","@id":"\/logo.png","url":"\/logo.png","width":600,"height":60}},"image":{"@type":"ImageObject","@id":"https:\/\/www.konjunktura.cz\/wp-content\/uploads\/kindergarten-g7522ed4ad_640_1.jpg","url":"https:\/\/www.konjunktura.cz\/wp-content\/uploads\/kindergarten-g7522ed4ad_640_1.jpg","height":0,"width":0},"keywords":null},{"@type":"Article","@id":"https:\/\/www.konjunktura.cz\/jak-preckat-financni-tisen\/","headline":"Jak p\u0159e\u010dkat finan\u010dn\u00ed t\u00edse\u0148?","url":"https:\/\/www.konjunktura.cz\/jak-preckat-financni-tisen\/","datePublished":"2022-02-08","dateModified":"2023-05-06","mainEntityOfPage":"https:\/\/www.konjunktura.cz\/jak-preckat-financni-tisen\/","author":{"@type":"Person","@id":"https:\/\/www.konjunktura.cz\/author\/#Person","name":"","url":"https:\/\/www.konjunktura.cz\/author\/","identifier":1,"image":{"@type":"ImageObject","@id":"https:\/\/secure.gravatar.com\/avatar\/831abbcc684823965c5caa39ae4561083127c8aedfe9e524c6cecc176998c733?s=96&d=mm&r=g","url":"https:\/\/secure.gravatar.com\/avatar\/831abbcc684823965c5caa39ae4561083127c8aedfe9e524c6cecc176998c733?s=96&d=mm&r=g","height":96,"width":96}},"publisher":{"@type":"Organization","name":"konjunktura.cz","logo":{"@type":"ImageObject","@id":"\/logo.png","url":"\/logo.png","width":600,"height":60}},"image":{"@type":"ImageObject","@id":"https:\/\/www.konjunktura.cz\/wp-content\/uploads\/rozlo%C5%BEen%C3%A9%20dolary_3.jpg","url":"https:\/\/www.konjunktura.cz\/wp-content\/uploads\/rozlo%C5%BEen%C3%A9%20dolary_3.jpg","height":0,"width":0},"keywords":null},{"@type":"Article","@id":"https:\/\/www.konjunktura.cz\/co-s-neuspesnym-podnikanim\/","headline":"Co s ne\u00fasp\u011b\u0161n\u00fdm podnik\u00e1n\u00edm?","url":"https:\/\/www.konjunktura.cz\/co-s-neuspesnym-podnikanim\/","datePublished":"2021-12-26","dateModified":"2023-05-06","mainEntityOfPage":"https:\/\/www.konjunktura.cz\/co-s-neuspesnym-podnikanim\/","author":{"@type":"Person","@id":"https:\/\/www.konjunktura.cz\/author\/#Person","name":"","url":"https:\/\/www.konjunktura.cz\/author\/","identifier":1,"image":{"@type":"ImageObject","@id":"https:\/\/secure.gravatar.com\/avatar\/831abbcc684823965c5caa39ae4561083127c8aedfe9e524c6cecc176998c733?s=96&d=mm&r=g","url":"https:\/\/secure.gravatar.com\/avatar\/831abbcc684823965c5caa39ae4561083127c8aedfe9e524c6cecc176998c733?s=96&d=mm&r=g","height":96,"width":96}},"publisher":{"@type":"Organization","name":"konjunktura.cz","logo":{"@type":"ImageObject","@id":"\/logo.png","url":"\/logo.png","width":600,"height":60}},"image":{"@type":"ImageObject","@id":"https:\/\/www.konjunktura.cz\/wp-content\/uploads\/americk%C3%A1%20mince_7.jpg","url":"https:\/\/www.konjunktura.cz\/wp-content\/uploads\/americk%C3%A1%20mince_7.jpg","height":0,"width":0},"keywords":null},{"@type":"Article","@id":"https:\/\/www.konjunktura.cz\/jak-si-vhodne-pujcit\/","headline":"Jak si vhodn\u011b p\u016fj\u010dit?","url":"https:\/\/www.konjunktura.cz\/jak-si-vhodne-pujcit\/","datePublished":"2021-06-21","dateModified":"2023-05-06","mainEntityOfPage":"https:\/\/www.konjunktura.cz\/jak-si-vhodne-pujcit\/","author":{"@type":"Person","@id":"https:\/\/www.konjunktura.cz\/author\/#Person","name":"","url":"https:\/\/www.konjunktura.cz\/author\/","identifier":1,"image":{"@type":"ImageObject","@id":"https:\/\/secure.gravatar.com\/avatar\/831abbcc684823965c5caa39ae4561083127c8aedfe9e524c6cecc176998c733?s=96&d=mm&r=g","url":"https:\/\/secure.gravatar.com\/avatar\/831abbcc684823965c5caa39ae4561083127c8aedfe9e524c6cecc176998c733?s=96&d=mm&r=g","height":96,"width":96}},"publisher":{"@type":"Organization","name":"konjunktura.cz","logo":{"@type":"ImageObject","@id":"\/logo.png","url":"\/logo.png","width":600,"height":60}},"image":{"@type":"ImageObject","@id":"https:\/\/www.konjunktura.cz\/wp-content\/uploads\/vyrovnan%C3%A9%20mince_4.jpg","url":"https:\/\/www.konjunktura.cz\/wp-content\/uploads\/vyrovnan%C3%A9%20mince_4.jpg","height":0,"width":0},"keywords":null},{"@type":"Article","@id":"https:\/\/www.konjunktura.cz\/kdyz-si-vezeme-hypoteku-na-rekonstrukci\/","headline":"Kdy\u017e si vezeme hypot\u00e9ku na rekonstrukci","url":"https:\/\/www.konjunktura.cz\/kdyz-si-vezeme-hypoteku-na-rekonstrukci\/","datePublished":"2021-06-20","dateModified":"2023-05-06","mainEntityOfPage":"https:\/\/www.konjunktura.cz\/kdyz-si-vezeme-hypoteku-na-rekonstrukci\/","author":{"@type":"Person","@id":"https:\/\/www.konjunktura.cz\/author\/#Person","name":"","url":"https:\/\/www.konjunktura.cz\/author\/","identifier":1,"image":{"@type":"ImageObject","@id":"https:\/\/secure.gravatar.com\/avatar\/831abbcc684823965c5caa39ae4561083127c8aedfe9e524c6cecc176998c733?s=96&d=mm&r=g","url":"https:\/\/secure.gravatar.com\/avatar\/831abbcc684823965c5caa39ae4561083127c8aedfe9e524c6cecc176998c733?s=96&d=mm&r=g","height":96,"width":96}},"publisher":{"@type":"Organization","name":"konjunktura.cz","logo":{"@type":"ImageObject","@id":"\/logo.png","url":"\/logo.png","width":600,"height":60}},"image":{"@type":"ImageObject","@id":"https:\/\/www.konjunktura.cz\/wp-content\/uploads\/byty_1.jpeg","url":"https:\/\/www.konjunktura.cz\/wp-content\/uploads\/byty_1.jpeg","height":0,"width":0},"keywords":null},{"@type":"Article","@id":"https:\/\/www.konjunktura.cz\/hypoteka-na-vysnene-bydleni\/","headline":"Hypot\u00e9ka na vysn\u011bn\u00e9 bydlen\u00ed","url":"https:\/\/www.konjunktura.cz\/hypoteka-na-vysnene-bydleni\/","datePublished":"2021-03-16","dateModified":"2023-05-06","mainEntityOfPage":"https:\/\/www.konjunktura.cz\/hypoteka-na-vysnene-bydleni\/","author":{"@type":"Person","@id":"https:\/\/www.konjunktura.cz\/author\/#Person","name":"","url":"https:\/\/www.konjunktura.cz\/author\/","identifier":1,"image":{"@type":"ImageObject","@id":"https:\/\/secure.gravatar.com\/avatar\/831abbcc684823965c5caa39ae4561083127c8aedfe9e524c6cecc176998c733?s=96&d=mm&r=g","url":"https:\/\/secure.gravatar.com\/avatar\/831abbcc684823965c5caa39ae4561083127c8aedfe9e524c6cecc176998c733?s=96&d=mm&r=g","height":96,"width":96}},"publisher":{"@type":"Organization","name":"konjunktura.cz","logo":{"@type":"ImageObject","@id":"\/logo.png","url":"\/logo.png","width":600,"height":60}},"image":{"@type":"ImageObject","@id":"https:\/\/www.konjunktura.cz\/wp-content\/uploads\/hled%C3%A1n%C3%AD%20bydlen%C3%AD.jpg","url":"https:\/\/www.konjunktura.cz\/wp-content\/uploads\/hled%C3%A1n%C3%AD%20bydlen%C3%AD.jpg","height":0,"width":0},"keywords":null},{"@type":"Article","@id":"https:\/\/www.konjunktura.cz\/rady-pro-zacatecniky-kteri-chteji-zacit-investovat\/","headline":"Rady pro za\u010d\u00e1te\u010dn\u00edky, kte\u0159\u00ed cht\u011bj\u00ed za\u010d\u00edt investovat","url":"https:\/\/www.konjunktura.cz\/rady-pro-zacatecniky-kteri-chteji-zacit-investovat\/","datePublished":"2020-06-21","dateModified":"2023-05-06","mainEntityOfPage":"https:\/\/www.konjunktura.cz\/rady-pro-zacatecniky-kteri-chteji-zacit-investovat\/","author":{"@type":"Person","@id":"https:\/\/www.konjunktura.cz\/author\/#Person","name":"","url":"https:\/\/www.konjunktura.cz\/author\/","identifier":1,"image":{"@type":"ImageObject","@id":"https:\/\/secure.gravatar.com\/avatar\/831abbcc684823965c5caa39ae4561083127c8aedfe9e524c6cecc176998c733?s=96&d=mm&r=g","url":"https:\/\/secure.gravatar.com\/avatar\/831abbcc684823965c5caa39ae4561083127c8aedfe9e524c6cecc176998c733?s=96&d=mm&r=g","height":96,"width":96}},"publisher":{"@type":"Organization","name":"konjunktura.cz","logo":{"@type":"ImageObject","@id":"\/logo.png","url":"\/logo.png","width":600,"height":60}},"image":{"@type":"ImageObject","@id":"https:\/\/www.konjunktura.cz\/wp-content\/uploads\/Zisk%20risk%20ztr%C3%A1ta.jpg","url":"https:\/\/www.konjunktura.cz\/wp-content\/uploads\/Zisk%20risk%20ztr%C3%A1ta.jpg","height":0,"width":0},"keywords":null},{"@type":"Article","@id":"https:\/\/www.konjunktura.cz\/sobestacnost-na-elektrine\/","headline":"Sob\u011bsta\u010dnost na elekt\u0159in\u011b","url":"https:\/\/www.konjunktura.cz\/sobestacnost-na-elektrine\/","datePublished":"2020-01-08","dateModified":"2023-05-06","mainEntityOfPage":"https:\/\/www.konjunktura.cz\/sobestacnost-na-elektrine\/","author":{"@type":"Person","@id":"https:\/\/www.konjunktura.cz\/author\/#Person","name":"","url":"https:\/\/www.konjunktura.cz\/author\/","identifier":1,"image":{"@type":"ImageObject","@id":"https:\/\/secure.gravatar.com\/avatar\/831abbcc684823965c5caa39ae4561083127c8aedfe9e524c6cecc176998c733?s=96&d=mm&r=g","url":"https:\/\/secure.gravatar.com\/avatar\/831abbcc684823965c5caa39ae4561083127c8aedfe9e524c6cecc176998c733?s=96&d=mm&r=g","height":96,"width":96}},"publisher":{"@type":"Organization","name":"konjunktura.cz","logo":{"@type":"ImageObject","@id":"\/logo.png","url":"\/logo.png","width":600,"height":60}},"image":{"@type":"ImageObject","@id":"https:\/\/www.konjunktura.cz\/wp-content\/uploads\/img_a345971_w2685_t1560003587.jpg","url":"https:\/\/www.konjunktura.cz\/wp-content\/uploads\/img_a345971_w2685_t1560003587.jpg","height":0,"width":0},"keywords":null},{"@type":"Article","@id":"https:\/\/www.konjunktura.cz\/pozvete-teplo-k-sobe-domu\/","headline":"Pozv\u011bte teplo k sob\u011b dom\u016f","url":"https:\/\/www.konjunktura.cz\/pozvete-teplo-k-sobe-domu\/","datePublished":"2018-11-17","dateModified":"2023-05-06","mainEntityOfPage":"https:\/\/www.konjunktura.cz\/pozvete-teplo-k-sobe-domu\/","author":{"@type":"Person","@id":"https:\/\/www.konjunktura.cz\/author\/#Person","name":"","url":"https:\/\/www.konjunktura.cz\/author\/","identifier":1,"image":{"@type":"ImageObject","@id":"https:\/\/secure.gravatar.com\/avatar\/831abbcc684823965c5caa39ae4561083127c8aedfe9e524c6cecc176998c733?s=96&d=mm&r=g","url":"https:\/\/secure.gravatar.com\/avatar\/831abbcc684823965c5caa39ae4561083127c8aedfe9e524c6cecc176998c733?s=96&d=mm&r=g","height":96,"width":96}},"publisher":{"@type":"Organization","name":"konjunktura.cz","logo":{"@type":"ImageObject","@id":"\/logo.png","url":"\/logo.png","width":600,"height":60}},"image":{"@type":"ImageObject","@id":"https:\/\/www.konjunktura.cz\/wp-content\/uploads\/img_a334153_w2685_t1547743743.jpg","url":"https:\/\/www.konjunktura.cz\/wp-content\/uploads\/img_a334153_w2685_t1547743743.jpg","height":0,"width":0},"keywords":null}]}