{"@context":"https:\/\/schema.org\/","@type":"CollectionPage","@id":"https:\/\/www.konjunktura.cz\/business\/#CollectionPage","headline":"Business Category","description":"","url":"https:\/\/www.konjunktura.cz\/business\/","hasPart":[{"@type":"Article","@id":"https:\/\/www.konjunktura.cz\/stahovani-obsahu-na-redditu\/","headline":"Stahov\u00e1n\u00ed obsahu na Redditu","url":"https:\/\/www.konjunktura.cz\/stahovani-obsahu-na-redditu\/","datePublished":"2022-11-20","dateModified":"2023-10-06","mainEntityOfPage":"https:\/\/www.konjunktura.cz\/stahovani-obsahu-na-redditu\/","author":{"@type":"Person","@id":"https:\/\/www.konjunktura.cz\/author\/#Person","name":"","url":"https:\/\/www.konjunktura.cz\/author\/","identifier":1,"image":{"@type":"ImageObject","@id":"https:\/\/secure.gravatar.com\/avatar\/831abbcc684823965c5caa39ae4561083127c8aedfe9e524c6cecc176998c733?s=96&d=mm&r=g","url":"https:\/\/secure.gravatar.com\/avatar\/831abbcc684823965c5caa39ae4561083127c8aedfe9e524c6cecc176998c733?s=96&d=mm&r=g","height":96,"width":96}},"publisher":{"@type":"Organization","name":"konjunktura.cz","logo":{"@type":"ImageObject","@id":"\/logo.png","url":"\/logo.png","width":600,"height":60}},"image":{"@type":"ImageObject","@id":"https:\/\/www.konjunktura.cz\/wp-content\/uploads\/reddit.jpg","url":"https:\/\/www.konjunktura.cz\/wp-content\/uploads\/reddit.jpg","height":0,"width":0},"keywords":null},{"@type":"Article","@id":"https:\/\/www.konjunktura.cz\/s-leky-nejsou-zerty\/","headline":"S l\u00e9ky nejsou \u017eerty","url":"https:\/\/www.konjunktura.cz\/s-leky-nejsou-zerty\/","datePublished":"2022-04-10","dateModified":"2023-05-06","mainEntityOfPage":"https:\/\/www.konjunktura.cz\/s-leky-nejsou-zerty\/","author":{"@type":"Person","@id":"https:\/\/www.konjunktura.cz\/author\/#Person","name":"","url":"https:\/\/www.konjunktura.cz\/author\/","identifier":1,"image":{"@type":"ImageObject","@id":"https:\/\/secure.gravatar.com\/avatar\/831abbcc684823965c5caa39ae4561083127c8aedfe9e524c6cecc176998c733?s=96&d=mm&r=g","url":"https:\/\/secure.gravatar.com\/avatar\/831abbcc684823965c5caa39ae4561083127c8aedfe9e524c6cecc176998c733?s=96&d=mm&r=g","height":96,"width":96}},"publisher":{"@type":"Organization","name":"konjunktura.cz","logo":{"@type":"ImageObject","@id":"\/logo.png","url":"\/logo.png","width":600,"height":60}},"image":{"@type":"ImageObject","@id":"https:\/\/www.konjunktura.cz\/wp-content\/uploads\/pln%C3%A1%20st%C5%99%C3%ADka%C4%8Dka.jpg","url":"https:\/\/www.konjunktura.cz\/wp-content\/uploads\/pln%C3%A1%20st%C5%99%C3%ADka%C4%8Dka.jpg","height":0,"width":0},"keywords":null},{"@type":"Article","@id":"https:\/\/www.konjunktura.cz\/elektrikar-v-kutne-hore-provadi-nove-instalace-rekonstrukce-i-revize-elektrickych-zarizeni-a-rozvodu\/","headline":"Elektrik\u00e1\u0159 v Kutn\u00e9 Ho\u0159e prov\u00e1d\u00ed nov\u00e9 instalace, rekonstrukce i revize elektrick\u00fdch za\u0159\u00edzen\u00ed a rozvod\u016f","url":"https:\/\/www.konjunktura.cz\/elektrikar-v-kutne-hore-provadi-nove-instalace-rekonstrukce-i-revize-elektrickych-zarizeni-a-rozvodu\/","datePublished":"2022-01-23","dateModified":"2023-05-06","mainEntityOfPage":"https:\/\/www.konjunktura.cz\/elektrikar-v-kutne-hore-provadi-nove-instalace-rekonstrukce-i-revize-elektrickych-zarizeni-a-rozvodu\/","author":{"@type":"Person","@id":"https:\/\/www.konjunktura.cz\/author\/#Person","name":"","url":"https:\/\/www.konjunktura.cz\/author\/","identifier":1,"image":{"@type":"ImageObject","@id":"https:\/\/secure.gravatar.com\/avatar\/831abbcc684823965c5caa39ae4561083127c8aedfe9e524c6cecc176998c733?s=96&d=mm&r=g","url":"https:\/\/secure.gravatar.com\/avatar\/831abbcc684823965c5caa39ae4561083127c8aedfe9e524c6cecc176998c733?s=96&d=mm&r=g","height":96,"width":96}},"publisher":{"@type":"Organization","name":"konjunktura.cz","logo":{"@type":"ImageObject","@id":"\/logo.png","url":"\/logo.png","width":600,"height":60}},"image":{"@type":"ImageObject","@id":"https:\/\/www.konjunktura.cz\/wp-content\/uploads\/electrician-ge18e0102d_640.jpg","url":"https:\/\/www.konjunktura.cz\/wp-content\/uploads\/electrician-ge18e0102d_640.jpg","height":0,"width":0},"keywords":null},{"@type":"Article","@id":"https:\/\/www.konjunktura.cz\/dentalni-hygiena-je-potreba\/","headline":"Dent\u00e1ln\u00ed hygiena je pot\u0159eba","url":"https:\/\/www.konjunktura.cz\/dentalni-hygiena-je-potreba\/","datePublished":"2022-01-16","dateModified":"2023-05-06","mainEntityOfPage":"https:\/\/www.konjunktura.cz\/dentalni-hygiena-je-potreba\/","author":{"@type":"Person","@id":"https:\/\/www.konjunktura.cz\/author\/#Person","name":"","url":"https:\/\/www.konjunktura.cz\/author\/","identifier":1,"image":{"@type":"ImageObject","@id":"https:\/\/secure.gravatar.com\/avatar\/831abbcc684823965c5caa39ae4561083127c8aedfe9e524c6cecc176998c733?s=96&d=mm&r=g","url":"https:\/\/secure.gravatar.com\/avatar\/831abbcc684823965c5caa39ae4561083127c8aedfe9e524c6cecc176998c733?s=96&d=mm&r=g","height":96,"width":96}},"publisher":{"@type":"Organization","name":"konjunktura.cz","logo":{"@type":"ImageObject","@id":"\/logo.png","url":"\/logo.png","width":600,"height":60}},"image":{"@type":"ImageObject","@id":"https:\/\/www.konjunktura.cz\/wp-content\/uploads\/blue-g3ffb2e2f0_1920.jpg","url":"https:\/\/www.konjunktura.cz\/wp-content\/uploads\/blue-g3ffb2e2f0_1920.jpg","height":0,"width":0},"keywords":null},{"@type":"Article","@id":"https:\/\/www.konjunktura.cz\/zabava-odpocinek-i-relaxovani-nebo-naopak-lyzovani\/","headline":"Z\u00e1bava, odpo\u010dinek i relaxov\u00e1n\u00ed nebo naopak ly\u017eov\u00e1n\u00ed","url":"https:\/\/www.konjunktura.cz\/zabava-odpocinek-i-relaxovani-nebo-naopak-lyzovani\/","datePublished":"2021-11-03","dateModified":"2023-05-06","mainEntityOfPage":"https:\/\/www.konjunktura.cz\/zabava-odpocinek-i-relaxovani-nebo-naopak-lyzovani\/","author":{"@type":"Person","@id":"https:\/\/www.konjunktura.cz\/author\/#Person","name":"","url":"https:\/\/www.konjunktura.cz\/author\/","identifier":1,"image":{"@type":"ImageObject","@id":"https:\/\/secure.gravatar.com\/avatar\/831abbcc684823965c5caa39ae4561083127c8aedfe9e524c6cecc176998c733?s=96&d=mm&r=g","url":"https:\/\/secure.gravatar.com\/avatar\/831abbcc684823965c5caa39ae4561083127c8aedfe9e524c6cecc176998c733?s=96&d=mm&r=g","height":96,"width":96}},"publisher":{"@type":"Organization","name":"konjunktura.cz","logo":{"@type":"ImageObject","@id":"\/logo.png","url":"\/logo.png","width":600,"height":60}},"image":{"@type":"ImageObject","@id":"https:\/\/www.konjunktura.cz\/wp-content\/uploads\/%C4%8Desk%C3%A9%20m%C4%9Bsto.jpg","url":"https:\/\/www.konjunktura.cz\/wp-content\/uploads\/%C4%8Desk%C3%A9%20m%C4%9Bsto.jpg","height":0,"width":0},"keywords":null},{"@type":"Article","@id":"https:\/\/www.konjunktura.cz\/uklid-firmy\/","headline":"\u00daklid firmy","url":"https:\/\/www.konjunktura.cz\/uklid-firmy\/","datePublished":"2021-10-29","dateModified":"2024-01-03","mainEntityOfPage":"https:\/\/www.konjunktura.cz\/uklid-firmy\/","author":{"@type":"Person","@id":"https:\/\/www.konjunktura.cz\/author\/#Person","name":"","url":"https:\/\/www.konjunktura.cz\/author\/","identifier":1,"image":{"@type":"ImageObject","@id":"https:\/\/secure.gravatar.com\/avatar\/831abbcc684823965c5caa39ae4561083127c8aedfe9e524c6cecc176998c733?s=96&d=mm&r=g","url":"https:\/\/secure.gravatar.com\/avatar\/831abbcc684823965c5caa39ae4561083127c8aedfe9e524c6cecc176998c733?s=96&d=mm&r=g","height":96,"width":96}},"publisher":{"@type":"Organization","name":"konjunktura.cz","logo":{"@type":"ImageObject","@id":"\/logo.png","url":"\/logo.png","width":600,"height":60}},"image":{"@type":"ImageObject","@id":"https:\/\/www.konjunktura.cz\/wp-content\/uploads\/disinfectant-5093503_960_720.jpg","url":"https:\/\/www.konjunktura.cz\/wp-content\/uploads\/disinfectant-5093503_960_720.jpg","height":0,"width":0},"keywords":null},{"@type":"Article","@id":"https:\/\/www.konjunktura.cz\/zdrave-nizkosacharidove-potraviny-jake-jsou\/","headline":"Zdrav\u00e9 n\u00edzkosacharidov\u00e9 potraviny. Jak\u00e9 jsou?","url":"https:\/\/www.konjunktura.cz\/zdrave-nizkosacharidove-potraviny-jake-jsou\/","datePublished":"2021-10-18","dateModified":"2023-05-06","mainEntityOfPage":"https:\/\/www.konjunktura.cz\/zdrave-nizkosacharidove-potraviny-jake-jsou\/","author":{"@type":"Person","@id":"https:\/\/www.konjunktura.cz\/author\/#Person","name":"","url":"https:\/\/www.konjunktura.cz\/author\/","identifier":1,"image":{"@type":"ImageObject","@id":"https:\/\/secure.gravatar.com\/avatar\/831abbcc684823965c5caa39ae4561083127c8aedfe9e524c6cecc176998c733?s=96&d=mm&r=g","url":"https:\/\/secure.gravatar.com\/avatar\/831abbcc684823965c5caa39ae4561083127c8aedfe9e524c6cecc176998c733?s=96&d=mm&r=g","height":96,"width":96}},"publisher":{"@type":"Organization","name":"konjunktura.cz","logo":{"@type":"ImageObject","@id":"\/logo.png","url":"\/logo.png","width":600,"height":60}},"image":{"@type":"ImageObject","@id":"https:\/\/www.konjunktura.cz\/wp-content\/uploads\/Sn%C3%ADmek%20obrazovky%202021-11-17%20135450.png","url":"https:\/\/www.konjunktura.cz\/wp-content\/uploads\/Sn%C3%ADmek%20obrazovky%202021-11-17%20135450.png","height":0,"width":0},"keywords":null},{"@type":"Article","@id":"https:\/\/www.konjunktura.cz\/pronajem-dodavek\/","headline":"Pron\u00e1jem dod\u00e1vek","url":"https:\/\/www.konjunktura.cz\/pronajem-dodavek\/","datePublished":"2021-09-20","dateModified":"2023-05-06","mainEntityOfPage":"https:\/\/www.konjunktura.cz\/pronajem-dodavek\/","author":{"@type":"Person","@id":"https:\/\/www.konjunktura.cz\/author\/#Person","name":"","url":"https:\/\/www.konjunktura.cz\/author\/","identifier":1,"image":{"@type":"ImageObject","@id":"https:\/\/secure.gravatar.com\/avatar\/831abbcc684823965c5caa39ae4561083127c8aedfe9e524c6cecc176998c733?s=96&d=mm&r=g","url":"https:\/\/secure.gravatar.com\/avatar\/831abbcc684823965c5caa39ae4561083127c8aedfe9e524c6cecc176998c733?s=96&d=mm&r=g","height":96,"width":96}},"publisher":{"@type":"Organization","name":"konjunktura.cz","logo":{"@type":"ImageObject","@id":"\/logo.png","url":"\/logo.png","width":600,"height":60}},"image":{"@type":"ImageObject","@id":"https:\/\/www.konjunktura.cz\/wp-content\/uploads\/p%C5%AFj%C4%8Dovna%20dod%C3%A1vek.png","url":"https:\/\/www.konjunktura.cz\/wp-content\/uploads\/p%C5%AFj%C4%8Dovna%20dod%C3%A1vek.png","height":0,"width":0},"keywords":null},{"@type":"Article","@id":"https:\/\/www.konjunktura.cz\/co-obnasi-vyuka-v-autoskole-v-praze\/","headline":"Co obn\u00e1\u0161\u00ed v\u00fduka v auto\u0161kole v Praze","url":"https:\/\/www.konjunktura.cz\/co-obnasi-vyuka-v-autoskole-v-praze\/","datePublished":"2021-09-02","dateModified":"2023-05-06","mainEntityOfPage":"https:\/\/www.konjunktura.cz\/co-obnasi-vyuka-v-autoskole-v-praze\/","author":{"@type":"Person","@id":"https:\/\/www.konjunktura.cz\/author\/#Person","name":"","url":"https:\/\/www.konjunktura.cz\/author\/","identifier":1,"image":{"@type":"ImageObject","@id":"https:\/\/secure.gravatar.com\/avatar\/831abbcc684823965c5caa39ae4561083127c8aedfe9e524c6cecc176998c733?s=96&d=mm&r=g","url":"https:\/\/secure.gravatar.com\/avatar\/831abbcc684823965c5caa39ae4561083127c8aedfe9e524c6cecc176998c733?s=96&d=mm&r=g","height":96,"width":96}},"publisher":{"@type":"Organization","name":"konjunktura.cz","logo":{"@type":"ImageObject","@id":"\/logo.png","url":"\/logo.png","width":600,"height":60}},"image":{"@type":"ImageObject","@id":"https:\/\/www.konjunktura.cz\/wp-content\/uploads\/j%C3%ADzda%20po%20d%C3%A1lnici_10_10_3.jpg","url":"https:\/\/www.konjunktura.cz\/wp-content\/uploads\/j%C3%ADzda%20po%20d%C3%A1lnici_10_10_3.jpg","height":0,"width":0},"keywords":null},{"@type":"Article","@id":"https:\/\/www.konjunktura.cz\/lecive-latky\/","headline":"L\u00e9\u010div\u00e9 l\u00e1tky","url":"https:\/\/www.konjunktura.cz\/lecive-latky\/","datePublished":"2021-08-29","dateModified":"2023-05-06","mainEntityOfPage":"https:\/\/www.konjunktura.cz\/lecive-latky\/","author":{"@type":"Person","@id":"https:\/\/www.konjunktura.cz\/author\/#Person","name":"","url":"https:\/\/www.konjunktura.cz\/author\/","identifier":1,"image":{"@type":"ImageObject","@id":"https:\/\/secure.gravatar.com\/avatar\/831abbcc684823965c5caa39ae4561083127c8aedfe9e524c6cecc176998c733?s=96&d=mm&r=g","url":"https:\/\/secure.gravatar.com\/avatar\/831abbcc684823965c5caa39ae4561083127c8aedfe9e524c6cecc176998c733?s=96&d=mm&r=g","height":96,"width":96}},"publisher":{"@type":"Organization","name":"konjunktura.cz","logo":{"@type":"ImageObject","@id":"\/logo.png","url":"\/logo.png","width":600,"height":60}},"image":{"@type":"ImageObject","@id":"https:\/\/www.konjunktura.cz\/wp-content\/uploads\/krevn%C3%AD%20skupiny.png","url":"https:\/\/www.konjunktura.cz\/wp-content\/uploads\/krevn%C3%AD%20skupiny.png","height":0,"width":0},"keywords":null}]}